{"id":15398,"date":"2024-04-30T12:51:53","date_gmt":"2024-04-30T12:51:53","guid":{"rendered":"http:\/\/875jahrekirchgoens.de\/?p=15398"},"modified":"2024-04-30T12:51:55","modified_gmt":"2024-04-30T12:51:55","slug":"ehrungsreigen-beim-tv-kirch-goens","status":"publish","type":"post","link":"http:\/\/875jahrekirchgoens.de\/?p=15398","title":{"rendered":"Ehrungsreigen beim TV Kirch-G\u00f6ns"},"content":{"rendered":"\n<p><em>Neuer zweiter Vorsitzende gesucht<\/em><\/p>\n\n\n\n<p>(Mz.) In der diesj\u00e4hrigen Jahreshauptversammlung des Turnverein Vorw\u00e4rts 1891 Kirch-G\u00f6ns wurden viele Ehrungen verdienter Mitglieder im Sportlerheim vorgenommen. Nach der Begr\u00fc\u00dfung erinnerte Vorsitzender Thorsten Metz die Anwesenden an die verstorbenen Ewald Binzer, Hans Giehl, Helmut Hankel und Heinz Sch\u00fcttke. Metz blickte auf ein ereignisreiches Jahr zur\u00fcck. Aus organisatorischen Gr\u00fcnden konnte der am Faschingsdienstag geplante Kinderfasching im letzten Jahr nicht stattfinden. Auf Antrag eines TV-Vorstandmitgliedes wurde eine Dart-Abteilung im TV gegr\u00fcndet, die sehr gut angenommen wird. Zwei Turniere wurden im Sportlerheim bereits durchgef\u00fchrt. Pr\u00e4chtige Stimmung herrschte in der bunt geschm\u00fcckten Sch\u00fctzenhalle am Kappenabend. Die gemeinsam vom Sch\u00fctzen- und Turnverein durchgef\u00fchrte Veranstaltung war wieder einmal ein toller Erfolg. Metz erinnerte an die gemeinsame Veranstaltung mit dem TV Pohl-G\u00f6ns am 1. April vergangenen Jahres, als man die SG-Pokalhelden im Sportlerheim Kirch-G\u00f6ns begr\u00fc\u00dfte. Vor 40 Jahren besiegte man im DHB-Pokal den Bundesligisten SG Weiche-Handewitt und konnte erst in der n\u00e4chsten Runde vom VfL G\u00fcnzburg gestoppt werden. Bei einem Imbiss und Filmeabend wurden viele Alt-Handballer begr\u00fc\u00dft und \u00fcber die vergangenen Zeiten geplaudert. Die 1. Mai-Feier 2023 war ein fantastischer Erfolg f\u00fcr den TV. Zum f\u00fcnfzehnten male wurde die 1. Mai-Feier auf dem \u00f6rtlichen Sportplatzgel\u00e4nde bei sonnigem Wetter veranstaltet. Am letztj\u00e4hrigen Sommerfest der Freiwilligen Feuerwehr Kirch-G\u00f6ns wurde eine Thekenschicht gestellt. Am 10. September 2023 nahm man mit einer gro\u00dfen Abordnung vom TV an dem Festumzug zur 1250-Jahr-Feier der Stadt Butzbach teil. Mit weiteren Kirch-G\u00f6nser Vereinsmitgliedern wurde das Motto zur 875-Jahr-Feier von Kirch-G\u00f6ns: \u201eEin Dorf f\u00fcr alle\u201c pr\u00e4sentiert. Der letztj\u00e4hrige Tagesausflug des TV erfolgte im September nach Bad D\u00fcrkheim auf das dortige Weinfest. Am Ortspokalschie\u00dfen des Sch\u00fctzenverein Kirch-G\u00f6ns wurde mit einer Abordnung des TV teilgenommen. Am Volkstrauertag 2023 nahm eine Abordnung des TV an der Trauerfeier am Kirch-G\u00f6nser Friedhof teil. Zu der REWE-Gewinnaktion \u201eScheine f\u00fcr Vereine\u201c konnten diverse Sportger\u00e4te und Artikel angeschafft werden. Am 24. November 2023 fand die Kindernikolausfeier in der Sporthalle der GGS statt. Besonderen Dank sprach Metz an das Orgateam f\u00fcr den letztj\u00e4hrigen Weihnachtsmarkt im Dorfmittelpunkt aus. Abschlie\u00dfend bedankte sich Metz in seinem Bericht bei allen ehrenamtlich T\u00e4tigen. In dem Bericht von Martin Calling (HSG Butzbach) wurden die Handball-Aktivit\u00e4ten geschildert. Der R\u00fcckblick im Bereich der M\u00e4nner- und Frauenmannschaften war wenig erbaulich, da die Aush\u00e4ngeschilder der HSG im m\u00e4nnlichen Aktivenbereich im Mittelfeld rangieren und die Erste-Damen-Mannschaft abgestiegen ist. Im Jugendbereich sind einige Meisterschaften in der Saison 2023\/24 zu verbuchen und man sei hier auf einem guten Weg. Allerdings schw\u00e4chelt der m\u00e4nnliche Jugendbereich und ist erst wieder in den unteren Jahrg\u00e4ngen besetzt. Ferner wird Personal im Vorstand gesucht. Aus der Turnabteilung berichtete Anne Beutel vom Eltern-Kind-Turnen f\u00fcr Kinder von 1 \u00bd \u2013 3 Jahren unter der Leitung von Dennis Markwarth und Pierre Huber. Dem Kinderturnen von Katharina Hankel und Julia Gallus. Judo findet mit Volker Auer immer samstags statt. Die Nachwuchs-Akrobaten werden von Lara Koglin und Carolina Volk betreut und Martina Volk trainiert die erfahrenen Sportakrobaten. Kindertanzen findet bei Bianca und Nea Drullmann immer montags statt. Viele Erwachsene besuchen die Fitness- und Gymnastikgruppen unter Leitung von Sabine Koglin und Manfred Z\u00f6rb. Besonders das reichhaltige Angebot durch Ingeborg Festner bietet ein breites Spektrum auf dem Gebiet \u201eSport und Gesundheit\u201c. F\u00fcr die Tischtennis-Abteilung berichtet Kurt Hartig \u00fcber die Saisonleistungen. F\u00fcr die Freizeitsportabteilung berichtet Thorsten Metz in Vertretung von Tobias Cott \u00fcber Aktivit\u00e4ten der Hobbyfu\u00dfballer. Den Kassenbericht des TV und HSG verlas Kristina Euler. Andreas Diehl best\u00e4tigte als TV-Kassenpr\u00fcfer einwandfreies Arbeiten. Zu den Vorstandswahlen \u00fcbernahm J\u00fcrgen Ratz das Amt des Wahlleiters. Die Positionen wurden mit dem 1. Vorsitzenden Thorsten Metz, dem 2. Vorsitzenden mit unbesetzt, der 1. Kassenwartin Kristina Euler, des 2. Kassenwartes mit Oliver Thiele, dem 1. Schriftf\u00fchrer Michael Raschke, dem 2. Schriftf\u00fchrer Marco Reinhard, dem Abteilungsleiter Handball Karl Schuller, der 1. Jugendwartin Anne Beutel, der 2. Jugendwartin Katharina Hankel, dem Abteilungsleiter Tisch-Tennis Kurt Hartig, dem Freizeitsportwart mit unbesetzt und den Beisitzern Torsten Klein, Thorsten R\u00f6hrig, Christian Mack und Uwe Hartmann, im Amt best\u00e4tigt. F\u00fcr 25j\u00e4hrige Mitgliedschaft wurden Christel Hankel, Jutta Waldherr, Martina Ilge, Stefano Luzatto, Cordula Neumann, Carmen Wolfheimer, David Wolfheimer und Willam Sobicki geehrt. F\u00fcr 40j\u00e4hrige Mitgliedschaft: Klaus Dieter Koglin, Inge Hanack, Petra \u00d6tzmann und Jens-Uwe Rau. F\u00fcr 50j\u00e4hrige Mitgliedschaft wurden Rolf Myroniuk, Rainer Meyer, J\u00fcrgen H\u00e4user, Manfred Meier, Lothar Wagner, Gernot G\u00e4rtner, Kurt Hartig, Inge Becker und Hans J\u00fcrgen Nern geehrt. F\u00fcr 60j\u00e4hrige Mitgliedschaft Dieter R\u00f6hrig und Hagen Heinz. F\u00fcr 70j\u00e4hrige Mitgliedschaft wurde G\u00fcnter Euler begl\u00fcckw\u00fcnscht. F\u00fcr 25j\u00e4hrige Vorstandsarbeit wurde Torsten Klein sowie f\u00fcr 40j\u00e4hrige Vorstandsarbeit Kurt Hartig (Mister Tischtennis) mit einem Pr\u00e4sent geehrt. Ebenso wurde Michael Raschke f\u00fcr seinen unerm\u00fcdlichen Einsatz am 1. Mai geehrt. Metz nannte die Termine f\u00fcr die Mai-Feier und gab einen Ausblick auf die Jubil\u00e4umsveranstaltungen zur 875-Jahrfeier von Kirch-G\u00f6ns, insbesondere den 31. August 2024, bei welchem 875 Kirch-G\u00f6nser symbolisch die Jubil\u00e4umszahl auf dem Kirch-G\u00f6nser Sportplatz stellen sollen. Zum Ende der Versammlung \u00fcbermittelten Martin Calling von der HSG Butzbach, J\u00fcrgen Ratz vom TV Pohl-G\u00f6ns und Stefan Schepp vom Ortsbeirat die besten Gr\u00fc\u00dfe.<\/p>\n\n\n\n<figure class=\"wp-block-gallery has-nested-images columns-default is-cropped wp-block-gallery-1 is-layout-flex wp-block-gallery-is-layout-flex\">\n<figure class=\"wp-block-image size-large\"><img loading=\"lazy\" decoding=\"async\" width=\"907\" height=\"508\" data-id=\"15399\" src=\"http:\/\/875jahrekirchgoens.de\/wp-content\/uploads\/2024\/04\/Screenshot-2024-04-30-144845.png\" alt=\"\" class=\"wp-image-15399\" srcset=\"http:\/\/875jahrekirchgoens.de\/wp-content\/uploads\/2024\/04\/Screenshot-2024-04-30-144845.png 907w, http:\/\/875jahrekirchgoens.de\/wp-content\/uploads\/2024\/04\/Screenshot-2024-04-30-144845-300x168.png 300w, http:\/\/875jahrekirchgoens.de\/wp-content\/uploads\/2024\/04\/Screenshot-2024-04-30-144845-768x430.png 768w\" sizes=\"auto, (max-width: 907px) 100vw, 907px\" \/><\/figure>\n\n\n\n<figure class=\"wp-block-image size-large\"><img loading=\"lazy\" decoding=\"async\" width=\"918\" height=\"508\" data-id=\"15400\" src=\"http:\/\/875jahrekirchgoens.de\/wp-content\/uploads\/2024\/04\/Screenshot-2024-04-30-145103.png\" alt=\"\" class=\"wp-image-15400\" srcset=\"http:\/\/875jahrekirchgoens.de\/wp-content\/uploads\/2024\/04\/Screenshot-2024-04-30-145103.png 918w, http:\/\/875jahrekirchgoens.de\/wp-content\/uploads\/2024\/04\/Screenshot-2024-04-30-145103-300x166.png 300w, http:\/\/875jahrekirchgoens.de\/wp-content\/uploads\/2024\/04\/Screenshot-2024-04-30-145103-768x425.png 768w\" sizes=\"auto, (max-width: 918px) 100vw, 918px\" \/><\/figure>\n<\/figure>\n","protected":false},"excerpt":{"rendered":"<p>Neuer zweiter Vorsitzende gesucht (Mz.) In der diesj\u00e4hrigen Jahreshauptversammlung des Turnverein Vorw\u00e4rts 1891 Kirch-G\u00f6ns wurden viele Ehrungen verdienter Mitglieder im Sportlerheim vorgenommen. Nach der Begr\u00fc\u00dfung erinnerte Vorsitzender Thorsten Metz die Anwesenden an die verstorbenen Ewald Binzer, Hans Giehl, Helmut Hankel und Heinz Sch\u00fcttke. Metz blickte auf ein ereignisreiches Jahr zur\u00fcck. Aus organisatorischen Gr\u00fcnden konnte der &#8230; <a title=\"Ehrungsreigen beim TV Kirch-G\u00f6ns\" class=\"read-more\" href=\"http:\/\/875jahrekirchgoens.de\/?p=15398\" aria-label=\"Mehr Informationen \u00fcber Ehrungsreigen beim TV Kirch-G\u00f6ns\">Weiterlesen<\/a><\/p>\n","protected":false},"author":1,"featured_media":0,"comment_status":"closed","ping_status":"open","sticky":false,"template":"","format":"standard","meta":{"footnotes":""},"categories":[1],"tags":[],"class_list":["post-15398","post","type-post","status-publish","format-standard","hentry","category-infos"],"_links":{"self":[{"href":"http:\/\/875jahrekirchgoens.de\/index.php?rest_route=\/wp\/v2\/posts\/15398","targetHints":{"allow":["GET"]}}],"collection":[{"href":"http:\/\/875jahrekirchgoens.de\/index.php?rest_route=\/wp\/v2\/posts"}],"about":[{"href":"http:\/\/875jahrekirchgoens.de\/index.php?rest_route=\/wp\/v2\/types\/post"}],"author":[{"embeddable":true,"href":"http:\/\/875jahrekirchgoens.de\/index.php?rest_route=\/wp\/v2\/users\/1"}],"replies":[{"embeddable":true,"href":"http:\/\/875jahrekirchgoens.de\/index.php?rest_route=%2Fwp%2Fv2%2Fcomments&post=15398"}],"version-history":[{"count":1,"href":"http:\/\/875jahrekirchgoens.de\/index.php?rest_route=\/wp\/v2\/posts\/15398\/revisions"}],"predecessor-version":[{"id":15401,"href":"http:\/\/875jahrekirchgoens.de\/index.php?rest_route=\/wp\/v2\/posts\/15398\/revisions\/15401"}],"wp:attachment":[{"href":"http:\/\/875jahrekirchgoens.de\/index.php?rest_route=%2Fwp%2Fv2%2Fmedia&parent=15398"}],"wp:term":[{"taxonomy":"category","embeddable":true,"href":"http:\/\/875jahrekirchgoens.de\/index.php?rest_route=%2Fwp%2Fv2%2Fcategories&post=15398"},{"taxonomy":"post_tag","embeddable":true,"href":"http:\/\/875jahrekirchgoens.de\/index.php?rest_route=%2Fwp%2Fv2%2Ftags&post=15398"}],"curies":[{"name":"wp","href":"https:\/\/api.w.org\/{rel}","templated":true}]}}