{"id":15403,"date":"2024-04-27T12:54:30","date_gmt":"2024-04-27T12:54:30","guid":{"rendered":"http:\/\/875jahrekirchgoens.de\/?p=15403"},"modified":"2024-04-30T12:59:06","modified_gmt":"2024-04-30T12:59:06","slug":"viele-treue-schuetzen-geehrt","status":"publish","type":"post","link":"http:\/\/875jahrekirchgoens.de\/?p=15403","title":{"rendered":"Viele treue Sch\u00fctzen geehrt"},"content":{"rendered":"\n<p><strong><em>Sch\u00fctzenverein Kirch-G\u00f6ns blick auf 2023 zur\u00fcck &#8211; Mitglieder ausgezeichnet<\/em><\/strong><\/p>\n\n\n\n<p>Wie der Sch\u00fctzenverein Kirch-G\u00f6ns und sein F\u00f6rderverein berichten, ist ihre diesj\u00e4hrige Jahreshauptversammlung (JHV) wieder gut besucht gewesen. Vorsitzender Gunther M\u00fcller fasste in seinem Bericht, Aktivit\u00e4ten und Entwicklungen im Verein zusammen. Zudem gab es zahlreiche Mitgliederehrungen. Ehrenmitglieder und die K\u00f6nigsfamilie sa\u00dfen unter den G\u00e4sten. M\u00fcller hob den regelm\u00e4\u00dfigen Trainingsbetrieb, die Teilnahme an den Rundenwettk\u00e4mpfen und an dem Bezirksk\u00f6nigsschie\u00dfen positiv hervor. Das K\u00f6nigsschie\u00dfen sowie das Jahresabschlussschie\u00dfen sei von den Mitgliedern sehr gut angenommen worden. Auch der gemeinsame Kappenabend mit dem TV sei sehr gut besucht worden und soll auch 2025 wieder stattfinden. Negativ sei hingegen die Teilnahme der Ortsvereine und Gruppen beim Ortspokal\u00ad schie\u00dfen im letzten Jahr gewesen. Der Sch\u00fctzenverein w\u00fcrde sich in diesem Jahr \u00fcber mehr Teilnehmer sehr freuen. Das Wertungsschie\u00dfen findet am 19. und 20. September und das Finalschie\u00dfen am 22. September statt. Die Mitglieder konnten bereits die Neugestaltung des Aufenthaltsraumes begutachten, der nun im neuen Glanz erstrahlt, informiert der Sch\u00fctzenverein. Weitere Renovierungsarbeiten im Vereinsheim seien noch in vollem Gange. Wer mithelfen m\u00f6chte, sei herzlich willkommen. Hierf\u00fcr solle ein Vorstandsmitglied angesprochen werden. Der Kassenbericht zeige ein ausgeglichenes Ergebnis. Nach wie vor stehe der Verein vor den gro\u00dfen Herausforderungen wegen der hohen Inflation und steigender Energiekosten. Vereine mit eigenem Vereinsheimen seien im Vergleich zu Vereinen in st\u00e4dtischen Sportst\u00e4tten oder B\u00fcrgerh\u00e4usern benachteiligt, da die Stadt keinen Zuschuss f\u00fcr die laufenden Kosten gibt. Ein wichtiger Tagesordnungspunkt war die Ehrung von langj\u00e4hrigen Vereinsmitgliedern. F\u00fcr langj\u00e4hrige Vereinszugh\u00f6rigkeit wurde Danny Lauer die Ehrennadel des Sch\u00fctzenvereins in Silber f\u00fcr 20-j\u00e4hrige Mitgliedschaft und Thorsten Heinz sowie Rolf Hillefeld die Ehrennadel des Sch\u00fctzenvereins in Gold f\u00fcr 30-j\u00e4hrige Vereinszugeh\u00f6rigkeit verliehen. F\u00fcr 40-j\u00e4hrige Vereinstreue wurden Michael Alles, Frank Will, Oliver Heinz, Martina Boller und Kurt Hartig geehrt. Als Anerkennung wurde zur Urkunde das Vereinsbierglas \u00fcberreicht. Michaela R\u00f6hrig-M\u00fcller wurde als Sch\u00fctzin des Jahres ausgezeichnet mit einer Leistungssteigerung von +24 Ringen im Durchschnitt bei den Rundenwettk\u00e4mpfen zum Vorjahr. Gunter M\u00fcller danke in dem Jahresbericht allen Aktiven, dass sie den Verein w\u00fcrdig vertreten haben und dem Vorstand f\u00fcr die gute Zusammenarbeit sowie vielf\u00e4ltige Mitarbeit. Besonderer Dank galt Rolf Hillefeld f\u00fcr die Moderation, des diesj\u00e4hrigen gemeinsamen Kappenabends mit dem TV Vorw\u00e4rts und Iris und J\u00fcrgen Wolski f\u00fcr ihren au\u00dferordentlichen Einsatz bei den Renovierungsarbeiten. Bevor der Sch\u00fctzenverein den Abend in geselliger Runde fortsetzte, wurde am Ende der JHV noch das K\u00f6nigsschie\u00dfen am Freitag, 14. Juni angek\u00fcndigt.<\/p>\n\n\n\n<figure class=\"wp-block-image size-full\"><img loading=\"lazy\" decoding=\"async\" width=\"901\" height=\"391\" src=\"http:\/\/875jahrekirchgoens.de\/wp-content\/uploads\/2024\/04\/Screenshot-2024-04-30-145550.png\" alt=\"\" class=\"wp-image-15404\" srcset=\"http:\/\/875jahrekirchgoens.de\/wp-content\/uploads\/2024\/04\/Screenshot-2024-04-30-145550.png 901w, http:\/\/875jahrekirchgoens.de\/wp-content\/uploads\/2024\/04\/Screenshot-2024-04-30-145550-300x130.png 300w, http:\/\/875jahrekirchgoens.de\/wp-content\/uploads\/2024\/04\/Screenshot-2024-04-30-145550-768x333.png 768w\" sizes=\"auto, (max-width: 901px) 100vw, 901px\" \/><\/figure>\n","protected":false},"excerpt":{"rendered":"<p>Sch\u00fctzenverein Kirch-G\u00f6ns blick auf 2023 zur\u00fcck &#8211; Mitglieder ausgezeichnet Wie der Sch\u00fctzenverein Kirch-G\u00f6ns und sein F\u00f6rderverein berichten, ist ihre diesj\u00e4hrige Jahreshauptversammlung (JHV) wieder gut besucht gewesen. Vorsitzender Gunther M\u00fcller fasste in seinem Bericht, Aktivit\u00e4ten und Entwicklungen im Verein zusammen. Zudem gab es zahlreiche Mitgliederehrungen. Ehrenmitglieder und die K\u00f6nigsfamilie sa\u00dfen unter den G\u00e4sten. M\u00fcller hob den &#8230; <a title=\"Viele treue Sch\u00fctzen geehrt\" class=\"read-more\" href=\"http:\/\/875jahrekirchgoens.de\/?p=15403\" aria-label=\"Mehr Informationen \u00fcber Viele treue Sch\u00fctzen geehrt\">Weiterlesen<\/a><\/p>\n","protected":false},"author":1,"featured_media":0,"comment_status":"closed","ping_status":"open","sticky":false,"template":"","format":"standard","meta":{"footnotes":""},"categories":[1],"tags":[],"class_list":["post-15403","post","type-post","status-publish","format-standard","hentry","category-infos"],"_links":{"self":[{"href":"http:\/\/875jahrekirchgoens.de\/index.php?rest_route=\/wp\/v2\/posts\/15403","targetHints":{"allow":["GET"]}}],"collection":[{"href":"http:\/\/875jahrekirchgoens.de\/index.php?rest_route=\/wp\/v2\/posts"}],"about":[{"href":"http:\/\/875jahrekirchgoens.de\/index.php?rest_route=\/wp\/v2\/types\/post"}],"author":[{"embeddable":true,"href":"http:\/\/875jahrekirchgoens.de\/index.php?rest_route=\/wp\/v2\/users\/1"}],"replies":[{"embeddable":true,"href":"http:\/\/875jahrekirchgoens.de\/index.php?rest_route=%2Fwp%2Fv2%2Fcomments&post=15403"}],"version-history":[{"count":1,"href":"http:\/\/875jahrekirchgoens.de\/index.php?rest_route=\/wp\/v2\/posts\/15403\/revisions"}],"predecessor-version":[{"id":15405,"href":"http:\/\/875jahrekirchgoens.de\/index.php?rest_route=\/wp\/v2\/posts\/15403\/revisions\/15405"}],"wp:attachment":[{"href":"http:\/\/875jahrekirchgoens.de\/index.php?rest_route=%2Fwp%2Fv2%2Fmedia&parent=15403"}],"wp:term":[{"taxonomy":"category","embeddable":true,"href":"http:\/\/875jahrekirchgoens.de\/index.php?rest_route=%2Fwp%2Fv2%2Fcategories&post=15403"},{"taxonomy":"post_tag","embeddable":true,"href":"http:\/\/875jahrekirchgoens.de\/index.php?rest_route=%2Fwp%2Fv2%2Ftags&post=15403"}],"curies":[{"name":"wp","href":"https:\/\/api.w.org\/{rel}","templated":true}]}}