{"id":15407,"date":"2024-04-17T13:02:59","date_gmt":"2024-04-17T13:02:59","guid":{"rendered":"http:\/\/875jahrekirchgoens.de\/?p=15407"},"modified":"2024-04-30T13:04:45","modified_gmt":"2024-04-30T13:04:45","slug":"tanzgruppe-unternahm-wanderung","status":"publish","type":"post","link":"http:\/\/875jahrekirchgoens.de\/?p=15407","title":{"rendered":"Tanzgruppe unternahm Wanderung"},"content":{"rendered":"\n<p>Ein Jahr nach dem 25j\u00e4hrigen Bestehen lief die Tanzgruppe \u201eMibdance\u201c des TV Vorw\u00e4rts 1891 Kirch-G\u00f6ns e. V. am vergangenen Samstagnachmittag, bei herrlichem Sonnenschein, von Kirch-G\u00f6ns nach Langg\u00f6ns um den Geburtstag zu feiern. Mit Bollerwagen und einheitlichen T-Shirts wurde man nach Ankunft in einer Gastst\u00e4tte im benachbarten Langg\u00f6ns hervorragend verk\u00f6stigt und die Chefin, Tina Ceh, der Gruppe konnte jedem Teilnehmer ein Jubil\u00e4umsbuch, der seit 1998 bestehenden Formation, \u00fcbergeben.<\/p>\n\n\n\n<figure class=\"wp-block-image size-full\"><img loading=\"lazy\" decoding=\"async\" width=\"776\" height=\"536\" src=\"http:\/\/875jahrekirchgoens.de\/wp-content\/uploads\/2024\/04\/Bild1.jpg\" alt=\"\" class=\"wp-image-15408\" srcset=\"http:\/\/875jahrekirchgoens.de\/wp-content\/uploads\/2024\/04\/Bild1.jpg 776w, http:\/\/875jahrekirchgoens.de\/wp-content\/uploads\/2024\/04\/Bild1-300x207.jpg 300w, http:\/\/875jahrekirchgoens.de\/wp-content\/uploads\/2024\/04\/Bild1-768x530.jpg 768w\" sizes=\"auto, (max-width: 776px) 100vw, 776px\" \/><\/figure>\n","protected":false},"excerpt":{"rendered":"<p>Ein Jahr nach dem 25j\u00e4hrigen Bestehen lief die Tanzgruppe \u201eMibdance\u201c des TV Vorw\u00e4rts 1891 Kirch-G\u00f6ns e. V. am vergangenen Samstagnachmittag, bei herrlichem Sonnenschein, von Kirch-G\u00f6ns nach Langg\u00f6ns um den Geburtstag zu feiern. Mit Bollerwagen und einheitlichen T-Shirts wurde man nach Ankunft in einer Gastst\u00e4tte im benachbarten Langg\u00f6ns hervorragend verk\u00f6stigt und die Chefin, Tina Ceh, der &#8230; <a title=\"Tanzgruppe unternahm Wanderung\" class=\"read-more\" href=\"http:\/\/875jahrekirchgoens.de\/?p=15407\" aria-label=\"Mehr Informationen \u00fcber Tanzgruppe unternahm Wanderung\">Weiterlesen<\/a><\/p>\n","protected":false},"author":1,"featured_media":0,"comment_status":"closed","ping_status":"open","sticky":false,"template":"","format":"standard","meta":{"footnotes":""},"categories":[1],"tags":[],"class_list":["post-15407","post","type-post","status-publish","format-standard","hentry","category-infos"],"_links":{"self":[{"href":"http:\/\/875jahrekirchgoens.de\/index.php?rest_route=\/wp\/v2\/posts\/15407","targetHints":{"allow":["GET"]}}],"collection":[{"href":"http:\/\/875jahrekirchgoens.de\/index.php?rest_route=\/wp\/v2\/posts"}],"about":[{"href":"http:\/\/875jahrekirchgoens.de\/index.php?rest_route=\/wp\/v2\/types\/post"}],"author":[{"embeddable":true,"href":"http:\/\/875jahrekirchgoens.de\/index.php?rest_route=\/wp\/v2\/users\/1"}],"replies":[{"embeddable":true,"href":"http:\/\/875jahrekirchgoens.de\/index.php?rest_route=%2Fwp%2Fv2%2Fcomments&post=15407"}],"version-history":[{"count":1,"href":"http:\/\/875jahrekirchgoens.de\/index.php?rest_route=\/wp\/v2\/posts\/15407\/revisions"}],"predecessor-version":[{"id":15409,"href":"http:\/\/875jahrekirchgoens.de\/index.php?rest_route=\/wp\/v2\/posts\/15407\/revisions\/15409"}],"wp:attachment":[{"href":"http:\/\/875jahrekirchgoens.de\/index.php?rest_route=%2Fwp%2Fv2%2Fmedia&parent=15407"}],"wp:term":[{"taxonomy":"category","embeddable":true,"href":"http:\/\/875jahrekirchgoens.de\/index.php?rest_route=%2Fwp%2Fv2%2Fcategories&post=15407"},{"taxonomy":"post_tag","embeddable":true,"href":"http:\/\/875jahrekirchgoens.de\/index.php?rest_route=%2Fwp%2Fv2%2Ftags&post=15407"}],"curies":[{"name":"wp","href":"https:\/\/api.w.org\/{rel}","templated":true}]}}