{"id":15414,"date":"2023-06-28T13:09:00","date_gmt":"2023-06-28T13:09:00","guid":{"rendered":"http:\/\/875jahrekirchgoens.de\/?p=15414"},"modified":"2024-04-30T13:10:15","modified_gmt":"2024-04-30T13:10:15","slug":"polizei-sucht-zeugen-nach-diebstaehlen-aus-pkw-in-kirch-goens","status":"publish","type":"post","link":"http:\/\/875jahrekirchgoens.de\/?p=15414","title":{"rendered":"Polizei sucht Zeugen nach Diebst\u00e4hlen aus PKW in Kirch-G\u00f6ns\u00a0"},"content":{"rendered":"\n<p>Die Polizei sucht Zeugen nach Diebst\u00e4hlen aus PKW in Kirch-G\u00f6ns Butzbach: Am vergangenen Wochenende ereigneten sich mehrere Diebst\u00e4hle aus Autos in Kirch-G\u00f6ns. In der Schneidwaldstra\u00dfe entwendete ein Dieb zwischen Samstagnacht (24.6.) und Sonntagmorgen (25.6.) aus einem Audi eine Sonnenbrille mit Gleitsichtgl\u00e4sern, Bargeld und Bankkarten im Wert von ca. 770 Euro. Ebenfalls in der Schneidwaldstra\u00dfe \u00fcbernachtete ein Mann in der Nacht von Samstag auf Sonntag im Dachzelt seines Subarus. Nachdem er gegen 2.30 Uhr einschlief, erwachte er gegen 4 Uhr durch das Schwanken des Autos. Zun\u00e4chst f\u00fchrte er es auf den Wind zur\u00fcck, schaute jedoch nochmal genauer nach und musste feststellen, dass jemand seinen PKW ge\u00f6ffnet, das Portemonnaie aus dem Handschuhfach entnommen und das Bargeld sowie die Bankkarte entwendet hatte. In der naheliegenden Stautzertstra\u00dfe fiel am Sonntag (25.6.) ein Mann auf, der sich gegen 2.40 Uhr an dortigen PKW zu schaffen machte. Nachdem er sich zun\u00e4chst f\u00fcr einen roten Citroen interessierte, machte er sich schlie\u00dflich an einem wei\u00dfen VW Polo schaffen. Zeugen, die den Mann dabei beobachteten informierten die Polizei und versuchten, ihn bis zu deren Eintreffen im Auto einzusperren. Der Dieb konnte jedoch zu Fu\u00df entkommen und blieb auch bei den anschlie\u00dfenden Fahndungsma\u00dfnahmen verschwunden. Gestohlen wurde weder aus dem VW, noch aus dem Citroen etwas. An keinem der Fahrzeuge fand die Polizei Aufbruchspuren. Die Autos m\u00fcssen offen gewesen, oder durch technische Mittel ge\u00f6ffnet worden sein. Der Fl\u00fcchtige aus der Stautzertstra\u00dfe wird beschrieben als Mann zwischen 23 und 30 Jahren mit braunen Locken. Der Mann habe eine Undercut-Frisur getragen. Er sei mit Jeans, schwarzem T-Shirt und Flip-Flops bekleidet gewesen. Ob er auch f\u00fcr die Diebst\u00e4hle in der Schneidwaldstra\u00dfe in Frage kommt, werden die weiteren Ermittlungen ergeben. Ebenso wird untersucht, ob auch der Diebstahl eines schwarz-orangenen Mountainbikes aus einer Garage in der Schneidwaldstra\u00dfe zwischen Samstag (24.6.) und Sonntag (25.6.) auf sein Konto geht. Die Polizei in Butzbach, Tel.: 06033\/7043-4010 sucht Zeugen der Taten und bittet um Hinweise.<\/p>\n\n\n\n<p>Quelle: <a href=\"http:\/\/www.presseportal.de\">www.presseportal.de<\/a> vom 28. Juni 2023<\/p>\n","protected":false},"excerpt":{"rendered":"<p>Die Polizei sucht Zeugen nach Diebst\u00e4hlen aus PKW in Kirch-G\u00f6ns Butzbach: Am vergangenen Wochenende ereigneten sich mehrere Diebst\u00e4hle aus Autos in Kirch-G\u00f6ns. In der Schneidwaldstra\u00dfe entwendete ein Dieb zwischen Samstagnacht (24.6.) und Sonntagmorgen (25.6.) aus einem Audi eine Sonnenbrille mit Gleitsichtgl\u00e4sern, Bargeld und Bankkarten im Wert von ca. 770 Euro. Ebenfalls in der Schneidwaldstra\u00dfe \u00fcbernachtete &#8230; <a title=\"Polizei sucht Zeugen nach Diebst\u00e4hlen aus PKW in Kirch-G\u00f6ns\u00a0\" class=\"read-more\" href=\"http:\/\/875jahrekirchgoens.de\/?p=15414\" aria-label=\"Mehr Informationen \u00fcber Polizei sucht Zeugen nach Diebst\u00e4hlen aus PKW in Kirch-G\u00f6ns\u00a0\">Weiterlesen<\/a><\/p>\n","protected":false},"author":1,"featured_media":0,"comment_status":"closed","ping_status":"open","sticky":false,"template":"","format":"standard","meta":{"footnotes":""},"categories":[1],"tags":[],"class_list":["post-15414","post","type-post","status-publish","format-standard","hentry","category-infos"],"_links":{"self":[{"href":"http:\/\/875jahrekirchgoens.de\/index.php?rest_route=\/wp\/v2\/posts\/15414","targetHints":{"allow":["GET"]}}],"collection":[{"href":"http:\/\/875jahrekirchgoens.de\/index.php?rest_route=\/wp\/v2\/posts"}],"about":[{"href":"http:\/\/875jahrekirchgoens.de\/index.php?rest_route=\/wp\/v2\/types\/post"}],"author":[{"embeddable":true,"href":"http:\/\/875jahrekirchgoens.de\/index.php?rest_route=\/wp\/v2\/users\/1"}],"replies":[{"embeddable":true,"href":"http:\/\/875jahrekirchgoens.de\/index.php?rest_route=%2Fwp%2Fv2%2Fcomments&post=15414"}],"version-history":[{"count":1,"href":"http:\/\/875jahrekirchgoens.de\/index.php?rest_route=\/wp\/v2\/posts\/15414\/revisions"}],"predecessor-version":[{"id":15415,"href":"http:\/\/875jahrekirchgoens.de\/index.php?rest_route=\/wp\/v2\/posts\/15414\/revisions\/15415"}],"wp:attachment":[{"href":"http:\/\/875jahrekirchgoens.de\/index.php?rest_route=%2Fwp%2Fv2%2Fmedia&parent=15414"}],"wp:term":[{"taxonomy":"category","embeddable":true,"href":"http:\/\/875jahrekirchgoens.de\/index.php?rest_route=%2Fwp%2Fv2%2Fcategories&post=15414"},{"taxonomy":"post_tag","embeddable":true,"href":"http:\/\/875jahrekirchgoens.de\/index.php?rest_route=%2Fwp%2Fv2%2Ftags&post=15414"}],"curies":[{"name":"wp","href":"https:\/\/api.w.org\/{rel}","templated":true}]}}