{"id":15418,"date":"2022-03-12T13:12:00","date_gmt":"2022-03-12T13:12:00","guid":{"rendered":"http:\/\/875jahrekirchgoens.de\/?p=15418"},"modified":"2024-04-30T13:19:27","modified_gmt":"2024-04-30T13:19:27","slug":"werkstatt-steht-in-vollbrand","status":"publish","type":"post","link":"http:\/\/875jahrekirchgoens.de\/?p=15418","title":{"rendered":"Werkstatt steht in Vollbrand"},"content":{"rendered":"\n<p>Im Butzbacher Stadtteil Kirch-G\u00f6ns hat es am fr\u00fchen Freitagabend (11.03.2022) in einer Autowerkstatt gebrannt. Wie die Feuerwehr der Stadt Butzbach bekannt gibt, stand der Werkstattbereich beim Eintreffen der Einsatzkr\u00e4fte bereits in Vollbrand. Mehrere Trupps waren unter Atemschutz zur Brandbek\u00e4mpfung im Innen- und Au\u00dfenbereich im Einsatz. Insgesamt waren 61 Einsatzkr\u00e4fte mit elf Fahrzeugen aus den Standorten Kirch-G\u00f6ns, Pohl-G\u00f6ns, Ebersg\u00f6ns und der Kernstadt anger\u00fcckt. Neben den Einsatzkr\u00e4ften waren zudem Abrollbeh\u00e4lter Atemschutz aus Bad Nauheim, der Brandschutzaufsichtsdienst, zwei Rettungswagen, ein Notarzteinsatzfahrzeug sowie die Polizei vor Ort. Die Feuerwehr Butzbach brachte das Feuer bereits nach kurzer Zeit unter Kontrolle. Verletzt wurde bei dem Brand niemand. Zur Ursache werden keine Angaben gemacht.<\/p>\n\n\n\n<p>Quelle: <a href=\"http:\/\/www.fnp.de\">www.fnp.de<\/a> vom 12. M\u00e4rz 2022<\/p>\n","protected":false},"excerpt":{"rendered":"<p>Im Butzbacher Stadtteil Kirch-G\u00f6ns hat es am fr\u00fchen Freitagabend (11.03.2022) in einer Autowerkstatt gebrannt. Wie die Feuerwehr der Stadt Butzbach bekannt gibt, stand der Werkstattbereich beim Eintreffen der Einsatzkr\u00e4fte bereits in Vollbrand. Mehrere Trupps waren unter Atemschutz zur Brandbek\u00e4mpfung im Innen- und Au\u00dfenbereich im Einsatz. Insgesamt waren 61 Einsatzkr\u00e4fte mit elf Fahrzeugen aus den Standorten &#8230; <a title=\"Werkstatt steht in Vollbrand\" class=\"read-more\" href=\"http:\/\/875jahrekirchgoens.de\/?p=15418\" aria-label=\"Mehr Informationen \u00fcber Werkstatt steht in Vollbrand\">Weiterlesen<\/a><\/p>\n","protected":false},"author":1,"featured_media":0,"comment_status":"closed","ping_status":"open","sticky":false,"template":"","format":"standard","meta":{"footnotes":""},"categories":[1],"tags":[],"class_list":["post-15418","post","type-post","status-publish","format-standard","hentry","category-infos"],"_links":{"self":[{"href":"http:\/\/875jahrekirchgoens.de\/index.php?rest_route=\/wp\/v2\/posts\/15418","targetHints":{"allow":["GET"]}}],"collection":[{"href":"http:\/\/875jahrekirchgoens.de\/index.php?rest_route=\/wp\/v2\/posts"}],"about":[{"href":"http:\/\/875jahrekirchgoens.de\/index.php?rest_route=\/wp\/v2\/types\/post"}],"author":[{"embeddable":true,"href":"http:\/\/875jahrekirchgoens.de\/index.php?rest_route=\/wp\/v2\/users\/1"}],"replies":[{"embeddable":true,"href":"http:\/\/875jahrekirchgoens.de\/index.php?rest_route=%2Fwp%2Fv2%2Fcomments&post=15418"}],"version-history":[{"count":1,"href":"http:\/\/875jahrekirchgoens.de\/index.php?rest_route=\/wp\/v2\/posts\/15418\/revisions"}],"predecessor-version":[{"id":15419,"href":"http:\/\/875jahrekirchgoens.de\/index.php?rest_route=\/wp\/v2\/posts\/15418\/revisions\/15419"}],"wp:attachment":[{"href":"http:\/\/875jahrekirchgoens.de\/index.php?rest_route=%2Fwp%2Fv2%2Fmedia&parent=15418"}],"wp:term":[{"taxonomy":"category","embeddable":true,"href":"http:\/\/875jahrekirchgoens.de\/index.php?rest_route=%2Fwp%2Fv2%2Fcategories&post=15418"},{"taxonomy":"post_tag","embeddable":true,"href":"http:\/\/875jahrekirchgoens.de\/index.php?rest_route=%2Fwp%2Fv2%2Ftags&post=15418"}],"curies":[{"name":"wp","href":"https:\/\/api.w.org\/{rel}","templated":true}]}}