{"id":15423,"date":"2021-11-15T13:25:00","date_gmt":"2021-11-15T13:25:00","guid":{"rendered":"http:\/\/875jahrekirchgoens.de\/?p=15423"},"modified":"2024-04-30T13:32:24","modified_gmt":"2024-04-30T13:32:24","slug":"staatsministerin-puttrich-ueberbringt-foerderbescheid","status":"publish","type":"post","link":"http:\/\/875jahrekirchgoens.de\/?p=15423","title":{"rendered":"Staatsministerin Puttrich \u00fcberbringt F\u00f6rderbescheid"},"content":{"rendered":"\n<p><strong>15.11.2021 \u2013 Neues Staffell\u00f6schfahrzeug 20 wird 25 Jahre altes Fahrzeug ersetzen<\/strong><\/p>\n\n\n\n<p>Am Montag konnte B\u00fcrgermeister Michael Merle gemeinsam mit Wehrf\u00fchrer J\u00f6rg Winter und dem Vereinsvorsitzenden Markus Mohr im Beisein einiger Feuerwehrleute und Mitgliedern der st\u00e4dtischen Gremien Staatsministerin Lucia Puttrich im neuen Feuerwehrhaus in Kirch-G\u00f6ns begr\u00fc\u00dfen.<\/p>\n\n\n\n<p>Lucia Puttrich, Hessische Ministerin f\u00fcr Bundes- und Europaangelegenheiten und Bevollm\u00e4chtigte des Landes Hessen beim Bund, freue sich, den F\u00f6rderbescheid f\u00fcr ein neues Staffell\u00f6schfahrzeug 20 (STLF20) \u00fcberbringen zu k\u00f6nnen. Hessen ist ein waldreiches Bundesland, auch hier nehmen die Eins\u00e4tze bedingt durch den Klimawandel stetig zu. Sie betonte die Wichtigkeit des richtigen R\u00fcstzeugs f\u00fcr die Feuerwehren, die zum erfolgreichen Abarbeiten der Eins\u00e4tze unerl\u00e4sslich seien. Puttrich betonte, dass das Land Hessen stetig Fahrzeuge bezuschusst. Doch ein neues Fahrzeug oder ein neues Feuerwehrhaus seien mehr als nur Anschaffungen, betont Puttrich. Vielmehr steige die Motivation bei den ehrenamtlichen Brandsch\u00fctzern, wenn sie mit Material des neuesten Standes arbeiten k\u00f6nnen. Aus ihrer Zeit als B\u00fcrgermeisterin in Nidda wisse sie, welchen Stellenwert die Kameradschaft habe, ein wichtiger Faktor, wenn es um die Zusammenarbeit bei der Freiwilligen Feuerwehr ginge.<\/p>\n\n\n\n<p>B\u00fcrgermeister Merle bedankte sich f\u00fcr Puttrichs Worte. Er erkl\u00e4rte, dass bereits in den letzten Jahren wie auch in der Zukunft in die Feuerwehr investiert werde. So zum Beispiel die Sanierungen, aber auch der Neubau von Feuerwehrh\u00e4usern, oder aber die Anschaffung von Ausr\u00fcstung. Feuerwehr diene der Sicherheit aller B\u00fcrger, so Merle, allein schon deshalb sollten hier die Rahmenbedingungen stimmen. Der Feuerwehr des Standortes Kirch-G\u00f6ns bescheinigte er sehr gute Voraussetzungen. Er lud Ministerin Puttrich bereits vorab zur \u00dcbergabe des neuen Fahrzeuges ein.<\/p>\n\n\n\n<p>Wehrf\u00fchrer J\u00f6rg Winter berichtete \u00fcber das aktuelle L\u00f6schfahrzeug. Mit seinen 25 Jahren geh\u00f6re es nun zum \u201ealten Eisen\u201c, obwohl es immer noch zuverl\u00e4ssig seinen Dienst tut. Dennoch habe sich die Technik seit 25 Jahren immer weiterentwickelt, sodass das Fahrzeug nicht mehr dem aktuellen Stand entspr\u00e4che. Auch die zunehmende Anzahl an Eins\u00e4tzen bedingen ein neueres, leistungsf\u00e4higeres Fahrzeug.<\/p>\n\n\n\n<p>Nach einem gemeinsamen Foto machte sich Ministerin Puttrich bei einem Rundgang selbst ein Bild des neuen Feuerwehrhauses. Sichtlich beeindruckt fand sie ein technisch gut (bis auf wenige Ausnahmen) ausger\u00fcstetes und sinnvoll eingerichtetes Feuerwehrhaus vor.<\/p>\n\n\n\n<p>Die Feuerwehrleute aus dem Kirch-G\u00f6nser Stadtteil, mit aktuell 35 Mitgliedern und einer hohen Tagesverf\u00fcgbarkeit in der Einsatzabteilung, freuen sich auf das neue Fahrzeug.<\/p>\n\n\n\n<p>Quelle und Bilder: Andrea Bergens \/ Kirch-G\u00f6ns<\/p>\n\n\n\n<figure class=\"wp-block-gallery has-nested-images columns-default is-cropped wp-block-gallery-1 is-layout-flex wp-block-gallery-is-layout-flex\">\n<figure class=\"wp-block-image size-large\"><img loading=\"lazy\" decoding=\"async\" width=\"1024\" height=\"597\" data-id=\"15424\" src=\"http:\/\/875jahrekirchgoens.de\/wp-content\/uploads\/2024\/04\/Bild3-1024x597.jpg\" alt=\"\" class=\"wp-image-15424\" srcset=\"http:\/\/875jahrekirchgoens.de\/wp-content\/uploads\/2024\/04\/Bild3-1024x597.jpg 1024w, http:\/\/875jahrekirchgoens.de\/wp-content\/uploads\/2024\/04\/Bild3-300x175.jpg 300w, http:\/\/875jahrekirchgoens.de\/wp-content\/uploads\/2024\/04\/Bild3-768x447.jpg 768w, http:\/\/875jahrekirchgoens.de\/wp-content\/uploads\/2024\/04\/Bild3-1536x895.jpg 1536w, http:\/\/875jahrekirchgoens.de\/wp-content\/uploads\/2024\/04\/Bild3.jpg 1557w\" sizes=\"auto, (max-width: 1024px) 100vw, 1024px\" \/><\/figure>\n\n\n\n<figure class=\"wp-block-image size-large\"><img loading=\"lazy\" decoding=\"async\" width=\"1024\" height=\"768\" data-id=\"15425\" src=\"http:\/\/875jahrekirchgoens.de\/wp-content\/uploads\/2024\/04\/Bild1-1-1024x768.jpg\" alt=\"\" class=\"wp-image-15425\" srcset=\"http:\/\/875jahrekirchgoens.de\/wp-content\/uploads\/2024\/04\/Bild1-1-1024x768.jpg 1024w, http:\/\/875jahrekirchgoens.de\/wp-content\/uploads\/2024\/04\/Bild1-1-300x225.jpg 300w, http:\/\/875jahrekirchgoens.de\/wp-content\/uploads\/2024\/04\/Bild1-1-768x576.jpg 768w, http:\/\/875jahrekirchgoens.de\/wp-content\/uploads\/2024\/04\/Bild1-1.jpg 1250w\" sizes=\"auto, (max-width: 1024px) 100vw, 1024px\" \/><\/figure>\n\n\n\n<figure class=\"wp-block-image size-large\"><img loading=\"lazy\" decoding=\"async\" width=\"1024\" height=\"768\" data-id=\"15426\" src=\"http:\/\/875jahrekirchgoens.de\/wp-content\/uploads\/2024\/04\/Bild2-1024x768.jpg\" alt=\"\" class=\"wp-image-15426\" srcset=\"http:\/\/875jahrekirchgoens.de\/wp-content\/uploads\/2024\/04\/Bild2-1024x768.jpg 1024w, http:\/\/875jahrekirchgoens.de\/wp-content\/uploads\/2024\/04\/Bild2-300x225.jpg 300w, http:\/\/875jahrekirchgoens.de\/wp-content\/uploads\/2024\/04\/Bild2-768x576.jpg 768w, http:\/\/875jahrekirchgoens.de\/wp-content\/uploads\/2024\/04\/Bild2.jpg 1250w\" sizes=\"auto, (max-width: 1024px) 100vw, 1024px\" \/><\/figure>\n<\/figure>\n","protected":false},"excerpt":{"rendered":"<p>15.11.2021 \u2013 Neues Staffell\u00f6schfahrzeug 20 wird 25 Jahre altes Fahrzeug ersetzen Am Montag konnte B\u00fcrgermeister Michael Merle gemeinsam mit Wehrf\u00fchrer J\u00f6rg Winter und dem Vereinsvorsitzenden Markus Mohr im Beisein einiger Feuerwehrleute und Mitgliedern der st\u00e4dtischen Gremien Staatsministerin Lucia Puttrich im neuen Feuerwehrhaus in Kirch-G\u00f6ns begr\u00fc\u00dfen. Lucia Puttrich, Hessische Ministerin f\u00fcr Bundes- und Europaangelegenheiten und Bevollm\u00e4chtigte &#8230; <a title=\"Staatsministerin Puttrich \u00fcberbringt F\u00f6rderbescheid\" class=\"read-more\" href=\"http:\/\/875jahrekirchgoens.de\/?p=15423\" aria-label=\"Mehr Informationen \u00fcber Staatsministerin Puttrich \u00fcberbringt F\u00f6rderbescheid\">Weiterlesen<\/a><\/p>\n","protected":false},"author":1,"featured_media":0,"comment_status":"closed","ping_status":"open","sticky":false,"template":"","format":"standard","meta":{"footnotes":""},"categories":[1],"tags":[],"class_list":["post-15423","post","type-post","status-publish","format-standard","hentry","category-infos"],"_links":{"self":[{"href":"http:\/\/875jahrekirchgoens.de\/index.php?rest_route=\/wp\/v2\/posts\/15423","targetHints":{"allow":["GET"]}}],"collection":[{"href":"http:\/\/875jahrekirchgoens.de\/index.php?rest_route=\/wp\/v2\/posts"}],"about":[{"href":"http:\/\/875jahrekirchgoens.de\/index.php?rest_route=\/wp\/v2\/types\/post"}],"author":[{"embeddable":true,"href":"http:\/\/875jahrekirchgoens.de\/index.php?rest_route=\/wp\/v2\/users\/1"}],"replies":[{"embeddable":true,"href":"http:\/\/875jahrekirchgoens.de\/index.php?rest_route=%2Fwp%2Fv2%2Fcomments&post=15423"}],"version-history":[{"count":1,"href":"http:\/\/875jahrekirchgoens.de\/index.php?rest_route=\/wp\/v2\/posts\/15423\/revisions"}],"predecessor-version":[{"id":15427,"href":"http:\/\/875jahrekirchgoens.de\/index.php?rest_route=\/wp\/v2\/posts\/15423\/revisions\/15427"}],"wp:attachment":[{"href":"http:\/\/875jahrekirchgoens.de\/index.php?rest_route=%2Fwp%2Fv2%2Fmedia&parent=15423"}],"wp:term":[{"taxonomy":"category","embeddable":true,"href":"http:\/\/875jahrekirchgoens.de\/index.php?rest_route=%2Fwp%2Fv2%2Fcategories&post=15423"},{"taxonomy":"post_tag","embeddable":true,"href":"http:\/\/875jahrekirchgoens.de\/index.php?rest_route=%2Fwp%2Fv2%2Ftags&post=15423"}],"curies":[{"name":"wp","href":"https:\/\/api.w.org\/{rel}","templated":true}]}}