{"id":15429,"date":"2020-05-05T13:34:00","date_gmt":"2020-05-05T13:34:00","guid":{"rendered":"http:\/\/875jahrekirchgoens.de\/?p=15429"},"modified":"2024-04-30T13:34:59","modified_gmt":"2024-04-30T13:34:59","slug":"einbruch-in-vereinsheim","status":"publish","type":"post","link":"http:\/\/875jahrekirchgoens.de\/?p=15429","title":{"rendered":"Einbruch in Vereinsheim"},"content":{"rendered":"\n<p>Einbrecher waren am fr\u00fchen Samstagmorgen in Kirch-G\u00f6ns zu Gange. Etwa zwischen 0 und 1 Uhr besch\u00e4digten sie die Video\u00fcberwachungsanlage und \u00f6ffneten gewaltsam ein Fenster des in der Bahnhofstra\u00dfe gelegenen Vereinsheimes. In den R\u00e4umlichkeiten warfen sie dann mehrere Leergut-Kisten um und fl\u00fcchteten schlie\u00dflich. Nach derzeitigem Stand der Ermittlungen entwendeten sie eine \u00dcberwachungskamera.<\/p>\n\n\n\n<p>Quelle: <a href=\"http:\/\/www.presseportal.de\">www.presseportal.de<\/a> vom 05. Mai 2020<\/p>\n","protected":false},"excerpt":{"rendered":"<p>Einbrecher waren am fr\u00fchen Samstagmorgen in Kirch-G\u00f6ns zu Gange. Etwa zwischen 0 und 1 Uhr besch\u00e4digten sie die Video\u00fcberwachungsanlage und \u00f6ffneten gewaltsam ein Fenster des in der Bahnhofstra\u00dfe gelegenen Vereinsheimes. In den R\u00e4umlichkeiten warfen sie dann mehrere Leergut-Kisten um und fl\u00fcchteten schlie\u00dflich. Nach derzeitigem Stand der Ermittlungen entwendeten sie eine \u00dcberwachungskamera. Quelle: www.presseportal.de vom 05. &#8230; <a title=\"Einbruch in Vereinsheim\" class=\"read-more\" href=\"http:\/\/875jahrekirchgoens.de\/?p=15429\" aria-label=\"Mehr Informationen \u00fcber Einbruch in Vereinsheim\">Weiterlesen<\/a><\/p>\n","protected":false},"author":1,"featured_media":0,"comment_status":"closed","ping_status":"open","sticky":false,"template":"","format":"standard","meta":{"footnotes":""},"categories":[1],"tags":[],"class_list":["post-15429","post","type-post","status-publish","format-standard","hentry","category-infos"],"_links":{"self":[{"href":"http:\/\/875jahrekirchgoens.de\/index.php?rest_route=\/wp\/v2\/posts\/15429","targetHints":{"allow":["GET"]}}],"collection":[{"href":"http:\/\/875jahrekirchgoens.de\/index.php?rest_route=\/wp\/v2\/posts"}],"about":[{"href":"http:\/\/875jahrekirchgoens.de\/index.php?rest_route=\/wp\/v2\/types\/post"}],"author":[{"embeddable":true,"href":"http:\/\/875jahrekirchgoens.de\/index.php?rest_route=\/wp\/v2\/users\/1"}],"replies":[{"embeddable":true,"href":"http:\/\/875jahrekirchgoens.de\/index.php?rest_route=%2Fwp%2Fv2%2Fcomments&post=15429"}],"version-history":[{"count":1,"href":"http:\/\/875jahrekirchgoens.de\/index.php?rest_route=\/wp\/v2\/posts\/15429\/revisions"}],"predecessor-version":[{"id":15430,"href":"http:\/\/875jahrekirchgoens.de\/index.php?rest_route=\/wp\/v2\/posts\/15429\/revisions\/15430"}],"wp:attachment":[{"href":"http:\/\/875jahrekirchgoens.de\/index.php?rest_route=%2Fwp%2Fv2%2Fmedia&parent=15429"}],"wp:term":[{"taxonomy":"category","embeddable":true,"href":"http:\/\/875jahrekirchgoens.de\/index.php?rest_route=%2Fwp%2Fv2%2Fcategories&post=15429"},{"taxonomy":"post_tag","embeddable":true,"href":"http:\/\/875jahrekirchgoens.de\/index.php?rest_route=%2Fwp%2Fv2%2Ftags&post=15429"}],"curies":[{"name":"wp","href":"https:\/\/api.w.org\/{rel}","templated":true}]}}