{"id":15435,"date":"2024-05-06T10:00:41","date_gmt":"2024-05-06T10:00:41","guid":{"rendered":"http:\/\/875jahrekirchgoens.de\/?p=15435"},"modified":"2024-05-16T10:01:41","modified_gmt":"2024-05-16T10:01:41","slug":"kleider-machen-leute-2","status":"publish","type":"post","link":"http:\/\/875jahrekirchgoens.de\/?p=15435","title":{"rendered":"Kleider machen Leute"},"content":{"rendered":"\n<p><em>Event im Museum Butzbach wirft einen Blick auf die Moden der Jahrhunderte<\/em><\/p>\n\n\n\n<p>Da staunten die Zuschauer nicht schlecht, als am Ende der Veranstaltung \u201eKleider machen Leute\u201c ein gutes Dutzend Mitglieder der Kirch-G\u00f6nser Trachtengruppe in ihren sch\u00f6nsten Original-Trachten zum Ungarischen Tanz Nummer 5 von Johannes Brahms auftraten. Darunter waren vier St\u00fcck wie die Hochzeitstracht von Ilse Schepp, die sie von der Gro\u00dfmutter ihres Mannes erbte und bis heute noch in ihrem Originalzustand erhalten ist. Die Tracht wurde extra zu ihrer Hochzeit angefertigt. Zur damaligen Zeit mussten sich die Br\u00e4ute w\u00e4hrend der Hochzeitszeremonie mehrmals umziehen \u2013 diese Tracht wurde zur Kirche getragen. Eingeleitet hatte die Veranstaltung Christiane Borchers-Fanslau mit einem R\u00fcckblick zur Entstehung von Mode \u00fcberhaupt. Vom eiszeitlichen Fellschuh, wie er vor rund 15000 Jahren getragen wurde und Teil der Miniaturschuhsammlung des Butzbacher Museums ist, bis zum aktuellen T-Shirt-Look von Satya Nadla, Vorstandsvorsitzender von Microsoft. Seltene Einblicke bot der Beitrag von Jan Lammers, HR Business Partner bei Hessnatur. Seit der Gr\u00fcndung der Modemarke 1976 habe sie sich der Nachhaltigkeit verschrieben und der Zeit voraus. Immerhin sei die Bekleidungsindustrie f\u00fcr rund 10 Prozent der j\u00e4hrlichen Treibhausgase verantwortlich. Verkehr einschlie\u00dflich der Containerschifffahrt w\u00fcrden bei rund 7 Prozent liegen. Die Veranstaltung in Anwesenheit von B\u00fcrgermeister Michael Merle wurde initiiert vom Butzbacher Innenstadtmanagement und gef\u00f6rdert vom F\u00f6rderprogramm des Landes Hessen \u201eLebendige Zentren\u201c. Die Vortragsveranstaltung zum Freiheitsgedanken der Mode verband die Historie mit der Gegenwart. Mit der Fotoausstellung wurde der Marktplatz Aktionsfl\u00e4che. Sie machte neugierig auf Wissensinhalte und Exponate und war Impulsgeber f\u00fcr das Museum und den \u00f6ffentlichen Stadtraum in der Innenstadt. Butzbach findet sich im F\u00f6rderprogramm des Landes Hessen \u201eLebendige Zentren\u201c.<\/p>\n\n\n\n<p>Quelle und Bilder: Butzbacher Zeitung vom 6. Mai 2024<\/p>\n\n\n\n<figure class=\"wp-block-gallery has-nested-images columns-default is-cropped wp-block-gallery-1 is-layout-flex wp-block-gallery-is-layout-flex\">\n<figure class=\"wp-block-image size-large\"><img loading=\"lazy\" decoding=\"async\" width=\"233\" height=\"205\" data-id=\"15433\" src=\"http:\/\/875jahrekirchgoens.de\/wp-content\/uploads\/2024\/05\/Kleider-Bild1.png\" alt=\"\" class=\"wp-image-15433\"\/><figcaption class=\"wp-element-caption\">Die M\u00e4nner trennten sich als erstes von traditionellen Trachten. Dennoch war ihr Auftritt von Konventionen gepr\u00e4gt, wie G\u00fcnter Weber demonstrierte, Vorsitzender des Kirch-G\u00f6nser Heimat- und Backhausverein. <\/figcaption><\/figure>\n\n\n\n<figure class=\"wp-block-image size-large\"><img loading=\"lazy\" decoding=\"async\" width=\"253\" height=\"204\" data-id=\"15434\" src=\"http:\/\/875jahrekirchgoens.de\/wp-content\/uploads\/2024\/05\/Kleider-Bild2.png\" alt=\"\" class=\"wp-image-15434\"\/><figcaption class=\"wp-element-caption\">Ilse Schepp (M.) mit ihrer sehr seltenen und noch vollst\u00e4ndig erhaltenen Festtagstracht. Rechts neben ihr Annette Stoll in einer Originalvorlagen geschneiderten Hochzeitstracht. <\/figcaption><\/figure>\n<\/figure>\n","protected":false},"excerpt":{"rendered":"<p>Event im Museum Butzbach wirft einen Blick auf die Moden der Jahrhunderte Da staunten die Zuschauer nicht schlecht, als am Ende der Veranstaltung \u201eKleider machen Leute\u201c ein gutes Dutzend Mitglieder der Kirch-G\u00f6nser Trachtengruppe in ihren sch\u00f6nsten Original-Trachten zum Ungarischen Tanz Nummer 5 von Johannes Brahms auftraten. Darunter waren vier St\u00fcck wie die Hochzeitstracht von Ilse &#8230; <a title=\"Kleider machen Leute\" class=\"read-more\" href=\"http:\/\/875jahrekirchgoens.de\/?p=15435\" aria-label=\"Mehr Informationen \u00fcber Kleider machen Leute\">Weiterlesen<\/a><\/p>\n","protected":false},"author":1,"featured_media":0,"comment_status":"closed","ping_status":"open","sticky":false,"template":"","format":"standard","meta":{"footnotes":""},"categories":[1],"tags":[],"class_list":["post-15435","post","type-post","status-publish","format-standard","hentry","category-infos"],"_links":{"self":[{"href":"http:\/\/875jahrekirchgoens.de\/index.php?rest_route=\/wp\/v2\/posts\/15435","targetHints":{"allow":["GET"]}}],"collection":[{"href":"http:\/\/875jahrekirchgoens.de\/index.php?rest_route=\/wp\/v2\/posts"}],"about":[{"href":"http:\/\/875jahrekirchgoens.de\/index.php?rest_route=\/wp\/v2\/types\/post"}],"author":[{"embeddable":true,"href":"http:\/\/875jahrekirchgoens.de\/index.php?rest_route=\/wp\/v2\/users\/1"}],"replies":[{"embeddable":true,"href":"http:\/\/875jahrekirchgoens.de\/index.php?rest_route=%2Fwp%2Fv2%2Fcomments&post=15435"}],"version-history":[{"count":1,"href":"http:\/\/875jahrekirchgoens.de\/index.php?rest_route=\/wp\/v2\/posts\/15435\/revisions"}],"predecessor-version":[{"id":15436,"href":"http:\/\/875jahrekirchgoens.de\/index.php?rest_route=\/wp\/v2\/posts\/15435\/revisions\/15436"}],"wp:attachment":[{"href":"http:\/\/875jahrekirchgoens.de\/index.php?rest_route=%2Fwp%2Fv2%2Fmedia&parent=15435"}],"wp:term":[{"taxonomy":"category","embeddable":true,"href":"http:\/\/875jahrekirchgoens.de\/index.php?rest_route=%2Fwp%2Fv2%2Fcategories&post=15435"},{"taxonomy":"post_tag","embeddable":true,"href":"http:\/\/875jahrekirchgoens.de\/index.php?rest_route=%2Fwp%2Fv2%2Ftags&post=15435"}],"curies":[{"name":"wp","href":"https:\/\/api.w.org\/{rel}","templated":true}]}}