{"id":15438,"date":"2024-05-02T10:03:06","date_gmt":"2024-05-02T10:03:06","guid":{"rendered":"http:\/\/875jahrekirchgoens.de\/?p=15438"},"modified":"2024-05-16T10:04:56","modified_gmt":"2024-05-16T10:04:56","slug":"1-mai-feier-des-tv-vorwaerts-1891-kirch-goens","status":"publish","type":"post","link":"http:\/\/875jahrekirchgoens.de\/?p=15438","title":{"rendered":"1.-Mai-Feier des TV Vorw\u00e4rts 1891 Kirch-G\u00f6ns"},"content":{"rendered":"\n<p>(Mz.) Sehr gut besucht war die 1.-Mai-Feier des Turnvereins Vorw\u00e4rts 1891 Kirch-G\u00f6ns auf dem \u00f6rtlichen Sportplatzgel\u00e4nde. Bei strahlendem Sonnenschein waren schon fr\u00fch alle Pl\u00e4tze besetzt und die Besucher aus nah und fern verlebten einige fr\u00f6hliche Stunden. Viele Wandergruppen und Radfahrer konnte der TV begr\u00fc\u00dfen. Die Kleinsten hatten gro\u00dfen Spa\u00df auf einer Parcours-H\u00fcpfburg und einer H\u00fcpfburg f\u00fcr die \u201eKleinsten der Kleinen\u201c und die gro\u00dfen Besucher erfreuten sich \u00fcber die Teilnahme am Fu\u00dfball-Dart. Die G\u00e4ste lie\u00dfen sich neben den Grillspezialit\u00e4ten auch den Nachmittagskuchen schmecken. Rege Teilnahme am traditionellen TV-Ratespiel fand ebenfalls statt. In diesem Jahr galt es die Anzahl von Bohnen in einem Glas zu erraten. Die genaue Zahl von 3.183 wurde nicht erraten. Am n\u00e4chsten am Tipp war John Greller (3.200) und gewann den Tagesgutschein f\u00fcr eine Mobile Fass-Sauna. Den Gutschein f\u00fcr die Sauna spendete Christian Winter von winter-event.de. Die Mobile Fass-Anlage wird zu einem noch festgelegten Termin ausgeliefert. Den zweiten Platz erzielte mit 3.252 Bohnen Kathy Lauer. Beim dritten Platz gab es zwei Doppelsieger mit Jana Lex und Gabi Stiffel (3.111).<\/p>\n\n\n\n<figure class=\"wp-block-image size-full\"><img loading=\"lazy\" decoding=\"async\" width=\"454\" height=\"308\" src=\"http:\/\/875jahrekirchgoens.de\/wp-content\/uploads\/2024\/05\/erster-mai-Bild1.jpg\" alt=\"\" class=\"wp-image-15439\" srcset=\"http:\/\/875jahrekirchgoens.de\/wp-content\/uploads\/2024\/05\/erster-mai-Bild1.jpg 454w, http:\/\/875jahrekirchgoens.de\/wp-content\/uploads\/2024\/05\/erster-mai-Bild1-300x204.jpg 300w\" sizes=\"auto, (max-width: 454px) 100vw, 454px\" \/><figcaption class=\"wp-element-caption\">Zur Siegerehrung zum Gewinnspiel von links John Greller, Danny Lauer in Vertretung von Kathy Lauer, Jana Lex, TV-Vorsitzender Thorsten Metz, Gabi Stiffel und Christian Winter. F\u00fcr das Engagement der vielen Helfer und Kuchenspender bedankt sich der TV recht herzlich. <\/figcaption><\/figure>\n","protected":false},"excerpt":{"rendered":"<p>(Mz.) Sehr gut besucht war die 1.-Mai-Feier des Turnvereins Vorw\u00e4rts 1891 Kirch-G\u00f6ns auf dem \u00f6rtlichen Sportplatzgel\u00e4nde. Bei strahlendem Sonnenschein waren schon fr\u00fch alle Pl\u00e4tze besetzt und die Besucher aus nah und fern verlebten einige fr\u00f6hliche Stunden. Viele Wandergruppen und Radfahrer konnte der TV begr\u00fc\u00dfen. Die Kleinsten hatten gro\u00dfen Spa\u00df auf einer Parcours-H\u00fcpfburg und einer H\u00fcpfburg &#8230; <a title=\"1.-Mai-Feier des TV Vorw\u00e4rts 1891 Kirch-G\u00f6ns\" class=\"read-more\" href=\"http:\/\/875jahrekirchgoens.de\/?p=15438\" aria-label=\"Mehr Informationen \u00fcber 1.-Mai-Feier des TV Vorw\u00e4rts 1891 Kirch-G\u00f6ns\">Weiterlesen<\/a><\/p>\n","protected":false},"author":1,"featured_media":0,"comment_status":"closed","ping_status":"open","sticky":false,"template":"","format":"standard","meta":{"footnotes":""},"categories":[1],"tags":[],"class_list":["post-15438","post","type-post","status-publish","format-standard","hentry","category-infos"],"_links":{"self":[{"href":"http:\/\/875jahrekirchgoens.de\/index.php?rest_route=\/wp\/v2\/posts\/15438","targetHints":{"allow":["GET"]}}],"collection":[{"href":"http:\/\/875jahrekirchgoens.de\/index.php?rest_route=\/wp\/v2\/posts"}],"about":[{"href":"http:\/\/875jahrekirchgoens.de\/index.php?rest_route=\/wp\/v2\/types\/post"}],"author":[{"embeddable":true,"href":"http:\/\/875jahrekirchgoens.de\/index.php?rest_route=\/wp\/v2\/users\/1"}],"replies":[{"embeddable":true,"href":"http:\/\/875jahrekirchgoens.de\/index.php?rest_route=%2Fwp%2Fv2%2Fcomments&post=15438"}],"version-history":[{"count":1,"href":"http:\/\/875jahrekirchgoens.de\/index.php?rest_route=\/wp\/v2\/posts\/15438\/revisions"}],"predecessor-version":[{"id":15440,"href":"http:\/\/875jahrekirchgoens.de\/index.php?rest_route=\/wp\/v2\/posts\/15438\/revisions\/15440"}],"wp:attachment":[{"href":"http:\/\/875jahrekirchgoens.de\/index.php?rest_route=%2Fwp%2Fv2%2Fmedia&parent=15438"}],"wp:term":[{"taxonomy":"category","embeddable":true,"href":"http:\/\/875jahrekirchgoens.de\/index.php?rest_route=%2Fwp%2Fv2%2Fcategories&post=15438"},{"taxonomy":"post_tag","embeddable":true,"href":"http:\/\/875jahrekirchgoens.de\/index.php?rest_route=%2Fwp%2Fv2%2Ftags&post=15438"}],"curies":[{"name":"wp","href":"https:\/\/api.w.org\/{rel}","templated":true}]}}