{"id":15448,"date":"2011-08-01T10:13:00","date_gmt":"2011-08-01T10:13:00","guid":{"rendered":"http:\/\/875jahrekirchgoens.de\/?p=15448"},"modified":"2024-05-16T10:17:52","modified_gmt":"2024-05-16T10:17:52","slug":"sturmschaeden-am-kirch-goenser-sportplatz","status":"publish","type":"post","link":"http:\/\/875jahrekirchgoens.de\/?p=15448","title":{"rendered":"Sturmsch\u00e4den am Kirch-G\u00f6nser Sportplatz"},"content":{"rendered":"\n<p>Auch am Kirch-G\u00f6nser Sportplatz haben einige B\u00e4ume arg gelitten. Unter anderem knickte diese gro\u00dfe Birke beim Hagelsturm im August 2011 um.<\/p>\n\n\n\n<p>Bild: Dieter Pfeiffer \/ Kirch-G\u00f6ns<\/p>\n\n\n\n<figure class=\"wp-block-image size-full\"><img loading=\"lazy\" decoding=\"async\" width=\"497\" height=\"368\" src=\"http:\/\/875jahrekirchgoens.de\/wp-content\/uploads\/2024\/05\/Sturm-Bild1.png\" alt=\"\" class=\"wp-image-15449\" srcset=\"http:\/\/875jahrekirchgoens.de\/wp-content\/uploads\/2024\/05\/Sturm-Bild1.png 497w, http:\/\/875jahrekirchgoens.de\/wp-content\/uploads\/2024\/05\/Sturm-Bild1-300x222.png 300w\" sizes=\"auto, (max-width: 497px) 100vw, 497px\" \/><\/figure>\n","protected":false},"excerpt":{"rendered":"<p>Auch am Kirch-G\u00f6nser Sportplatz haben einige B\u00e4ume arg gelitten. Unter anderem knickte diese gro\u00dfe Birke beim Hagelsturm im August 2011 um. Bild: Dieter Pfeiffer \/ Kirch-G\u00f6ns<\/p>\n","protected":false},"author":1,"featured_media":0,"comment_status":"closed","ping_status":"open","sticky":false,"template":"","format":"standard","meta":{"footnotes":""},"categories":[1],"tags":[],"class_list":["post-15448","post","type-post","status-publish","format-standard","hentry","category-infos"],"_links":{"self":[{"href":"http:\/\/875jahrekirchgoens.de\/index.php?rest_route=\/wp\/v2\/posts\/15448","targetHints":{"allow":["GET"]}}],"collection":[{"href":"http:\/\/875jahrekirchgoens.de\/index.php?rest_route=\/wp\/v2\/posts"}],"about":[{"href":"http:\/\/875jahrekirchgoens.de\/index.php?rest_route=\/wp\/v2\/types\/post"}],"author":[{"embeddable":true,"href":"http:\/\/875jahrekirchgoens.de\/index.php?rest_route=\/wp\/v2\/users\/1"}],"replies":[{"embeddable":true,"href":"http:\/\/875jahrekirchgoens.de\/index.php?rest_route=%2Fwp%2Fv2%2Fcomments&post=15448"}],"version-history":[{"count":1,"href":"http:\/\/875jahrekirchgoens.de\/index.php?rest_route=\/wp\/v2\/posts\/15448\/revisions"}],"predecessor-version":[{"id":15450,"href":"http:\/\/875jahrekirchgoens.de\/index.php?rest_route=\/wp\/v2\/posts\/15448\/revisions\/15450"}],"wp:attachment":[{"href":"http:\/\/875jahrekirchgoens.de\/index.php?rest_route=%2Fwp%2Fv2%2Fmedia&parent=15448"}],"wp:term":[{"taxonomy":"category","embeddable":true,"href":"http:\/\/875jahrekirchgoens.de\/index.php?rest_route=%2Fwp%2Fv2%2Fcategories&post=15448"},{"taxonomy":"post_tag","embeddable":true,"href":"http:\/\/875jahrekirchgoens.de\/index.php?rest_route=%2Fwp%2Fv2%2Ftags&post=15448"}],"curies":[{"name":"wp","href":"https:\/\/api.w.org\/{rel}","templated":true}]}}