{"id":15463,"date":"2001-12-01T10:36:00","date_gmt":"2001-12-01T10:36:00","guid":{"rendered":"http:\/\/875jahrekirchgoens.de\/?p=15463"},"modified":"2024-05-16T10:39:28","modified_gmt":"2024-05-16T10:39:28","slug":"die-alte-huettenberger-tracht-konnte-man-am-samstag","status":"publish","type":"post","link":"http:\/\/875jahrekirchgoens.de\/?p=15463","title":{"rendered":"Die alte H\u00fcttenberger Tracht konnte man am Samstag \u2026."},"content":{"rendered":"\n<p>in der Butzbacher Innenstadt bewundern. Anl\u00e4\u00dflich des 15-j\u00e4hrigen Jubil\u00e4ums der Limes-Galerie fand sich auch der Heimat- und Backhausverein Kirch-G\u00f6ns in unserer Stadt ein. Einige Vereinsmitglieder nutzen den Stadtgang zum Einkauf, wie auf unserem Bild Elli Mader (r.) und ihre Tochter Heike Bunfill. Im Gem\u00fcsegesch\u00e4ft von Hartmut Sch\u00fctt trafen wir die beiden in ihrer \u00fcber 100 Jahre alten Tracht.<\/p>\n\n\n\n<p>Quelle und Bild: Butzbacher Zeitung vom Dezember 2001<\/p>\n\n\n\n<figure class=\"wp-block-image size-full\"><img loading=\"lazy\" decoding=\"async\" width=\"849\" height=\"565\" src=\"http:\/\/875jahrekirchgoens.de\/wp-content\/uploads\/2024\/05\/Tracht-Bild1.jpg\" alt=\"\" class=\"wp-image-15464\" srcset=\"http:\/\/875jahrekirchgoens.de\/wp-content\/uploads\/2024\/05\/Tracht-Bild1.jpg 849w, http:\/\/875jahrekirchgoens.de\/wp-content\/uploads\/2024\/05\/Tracht-Bild1-300x200.jpg 300w, http:\/\/875jahrekirchgoens.de\/wp-content\/uploads\/2024\/05\/Tracht-Bild1-768x511.jpg 768w\" sizes=\"auto, (max-width: 849px) 100vw, 849px\" \/><\/figure>\n","protected":false},"excerpt":{"rendered":"<p>in der Butzbacher Innenstadt bewundern. Anl\u00e4\u00dflich des 15-j\u00e4hrigen Jubil\u00e4ums der Limes-Galerie fand sich auch der Heimat- und Backhausverein Kirch-G\u00f6ns in unserer Stadt ein. Einige Vereinsmitglieder nutzen den Stadtgang zum Einkauf, wie auf unserem Bild Elli Mader (r.) und ihre Tochter Heike Bunfill. Im Gem\u00fcsegesch\u00e4ft von Hartmut Sch\u00fctt trafen wir die beiden in ihrer \u00fcber 100 &#8230; <a title=\"Die alte H\u00fcttenberger Tracht konnte man am Samstag \u2026.\" class=\"read-more\" href=\"http:\/\/875jahrekirchgoens.de\/?p=15463\" aria-label=\"Mehr Informationen \u00fcber Die alte H\u00fcttenberger Tracht konnte man am Samstag \u2026.\">Weiterlesen<\/a><\/p>\n","protected":false},"author":1,"featured_media":0,"comment_status":"closed","ping_status":"open","sticky":false,"template":"","format":"standard","meta":{"footnotes":""},"categories":[1],"tags":[],"class_list":["post-15463","post","type-post","status-publish","format-standard","hentry","category-infos"],"_links":{"self":[{"href":"http:\/\/875jahrekirchgoens.de\/index.php?rest_route=\/wp\/v2\/posts\/15463","targetHints":{"allow":["GET"]}}],"collection":[{"href":"http:\/\/875jahrekirchgoens.de\/index.php?rest_route=\/wp\/v2\/posts"}],"about":[{"href":"http:\/\/875jahrekirchgoens.de\/index.php?rest_route=\/wp\/v2\/types\/post"}],"author":[{"embeddable":true,"href":"http:\/\/875jahrekirchgoens.de\/index.php?rest_route=\/wp\/v2\/users\/1"}],"replies":[{"embeddable":true,"href":"http:\/\/875jahrekirchgoens.de\/index.php?rest_route=%2Fwp%2Fv2%2Fcomments&post=15463"}],"version-history":[{"count":1,"href":"http:\/\/875jahrekirchgoens.de\/index.php?rest_route=\/wp\/v2\/posts\/15463\/revisions"}],"predecessor-version":[{"id":15465,"href":"http:\/\/875jahrekirchgoens.de\/index.php?rest_route=\/wp\/v2\/posts\/15463\/revisions\/15465"}],"wp:attachment":[{"href":"http:\/\/875jahrekirchgoens.de\/index.php?rest_route=%2Fwp%2Fv2%2Fmedia&parent=15463"}],"wp:term":[{"taxonomy":"category","embeddable":true,"href":"http:\/\/875jahrekirchgoens.de\/index.php?rest_route=%2Fwp%2Fv2%2Fcategories&post=15463"},{"taxonomy":"post_tag","embeddable":true,"href":"http:\/\/875jahrekirchgoens.de\/index.php?rest_route=%2Fwp%2Fv2%2Ftags&post=15463"}],"curies":[{"name":"wp","href":"https:\/\/api.w.org\/{rel}","templated":true}]}}