{"id":15468,"date":"2001-06-09T10:43:00","date_gmt":"2001-06-09T10:43:00","guid":{"rendered":"http:\/\/875jahrekirchgoens.de\/?p=15468"},"modified":"2024-05-16T10:44:33","modified_gmt":"2024-05-16T10:44:33","slug":"das-aquarell-des-kirch-goenser","status":"publish","type":"post","link":"http:\/\/875jahrekirchgoens.de\/?p=15468","title":{"rendered":"Das Aquarell des Kirch-G\u00f6nser \u2026"},"content":{"rendered":"\n<p>\u2026 Kunstmalers Fritz Hahn, das seit vielen Jahren im Kirch-G\u00f6nser B\u00fcrgerhaus ausgestellt ist, erhielt einen neuen Rahmen. Das 1988 entstandene Bild zeigt den Kirch-G\u00f6nser Ortsmittelpunkt mit Backhaus, Linde, Schule und Kirche. Der Heimat- und Backhausverein lie\u00df das Bild des 1988 verstorbenen K\u00fcnstlers auf eigene Kosten neu rahmen. Die Vorstandsmitglieder Wolfgang Besler (l.) und G\u00fcnther Weber brachten das Gem\u00e4lde wieder an seinem angestammten Platz an.<\/p>\n\n\n\n<p>Quelle und Bild: Butzbacher Zeitung vom Juni 2001<\/p>\n\n\n\n<figure class=\"wp-block-image size-full\"><img loading=\"lazy\" decoding=\"async\" width=\"886\" height=\"614\" src=\"http:\/\/875jahrekirchgoens.de\/wp-content\/uploads\/2024\/05\/Aquarell-Bild1.jpg\" alt=\"\" class=\"wp-image-15469\" srcset=\"http:\/\/875jahrekirchgoens.de\/wp-content\/uploads\/2024\/05\/Aquarell-Bild1.jpg 886w, http:\/\/875jahrekirchgoens.de\/wp-content\/uploads\/2024\/05\/Aquarell-Bild1-300x208.jpg 300w, http:\/\/875jahrekirchgoens.de\/wp-content\/uploads\/2024\/05\/Aquarell-Bild1-768x532.jpg 768w\" sizes=\"auto, (max-width: 886px) 100vw, 886px\" \/><\/figure>\n","protected":false},"excerpt":{"rendered":"<p>\u2026 Kunstmalers Fritz Hahn, das seit vielen Jahren im Kirch-G\u00f6nser B\u00fcrgerhaus ausgestellt ist, erhielt einen neuen Rahmen. Das 1988 entstandene Bild zeigt den Kirch-G\u00f6nser Ortsmittelpunkt mit Backhaus, Linde, Schule und Kirche. Der Heimat- und Backhausverein lie\u00df das Bild des 1988 verstorbenen K\u00fcnstlers auf eigene Kosten neu rahmen. Die Vorstandsmitglieder Wolfgang Besler (l.) und G\u00fcnther Weber &#8230; <a title=\"Das Aquarell des Kirch-G\u00f6nser \u2026\" class=\"read-more\" href=\"http:\/\/875jahrekirchgoens.de\/?p=15468\" aria-label=\"Mehr Informationen \u00fcber Das Aquarell des Kirch-G\u00f6nser \u2026\">Weiterlesen<\/a><\/p>\n","protected":false},"author":1,"featured_media":0,"comment_status":"closed","ping_status":"open","sticky":false,"template":"","format":"standard","meta":{"footnotes":""},"categories":[1],"tags":[],"class_list":["post-15468","post","type-post","status-publish","format-standard","hentry","category-infos"],"_links":{"self":[{"href":"http:\/\/875jahrekirchgoens.de\/index.php?rest_route=\/wp\/v2\/posts\/15468","targetHints":{"allow":["GET"]}}],"collection":[{"href":"http:\/\/875jahrekirchgoens.de\/index.php?rest_route=\/wp\/v2\/posts"}],"about":[{"href":"http:\/\/875jahrekirchgoens.de\/index.php?rest_route=\/wp\/v2\/types\/post"}],"author":[{"embeddable":true,"href":"http:\/\/875jahrekirchgoens.de\/index.php?rest_route=\/wp\/v2\/users\/1"}],"replies":[{"embeddable":true,"href":"http:\/\/875jahrekirchgoens.de\/index.php?rest_route=%2Fwp%2Fv2%2Fcomments&post=15468"}],"version-history":[{"count":1,"href":"http:\/\/875jahrekirchgoens.de\/index.php?rest_route=\/wp\/v2\/posts\/15468\/revisions"}],"predecessor-version":[{"id":15470,"href":"http:\/\/875jahrekirchgoens.de\/index.php?rest_route=\/wp\/v2\/posts\/15468\/revisions\/15470"}],"wp:attachment":[{"href":"http:\/\/875jahrekirchgoens.de\/index.php?rest_route=%2Fwp%2Fv2%2Fmedia&parent=15468"}],"wp:term":[{"taxonomy":"category","embeddable":true,"href":"http:\/\/875jahrekirchgoens.de\/index.php?rest_route=%2Fwp%2Fv2%2Fcategories&post=15468"},{"taxonomy":"post_tag","embeddable":true,"href":"http:\/\/875jahrekirchgoens.de\/index.php?rest_route=%2Fwp%2Fv2%2Ftags&post=15468"}],"curies":[{"name":"wp","href":"https:\/\/api.w.org\/{rel}","templated":true}]}}