{"id":15473,"date":"2000-11-11T10:46:00","date_gmt":"2000-11-11T10:46:00","guid":{"rendered":"http:\/\/875jahrekirchgoens.de\/?p=15473"},"modified":"2024-05-16T10:47:44","modified_gmt":"2024-05-16T10:47:44","slug":"in-kirch-goens-trafen-sich-die-trachtentraeger","status":"publish","type":"post","link":"http:\/\/875jahrekirchgoens.de\/?p=15473","title":{"rendered":"In Kirch-G\u00f6ns trafen sich die Trachtentr\u00e4ger \u2026"},"content":{"rendered":"\n<p>\u2026 S\u00e4nger, T\u00e4nzer und Jugendlichen des Heimat- und Backhausvereins zu einem Fototermin vor dem historischen Backhaus. Die Aufnahme wird in einem Buch der Hessischen Vereinigung f\u00fcr Tanz- und Trachtenpflege \u00fcber Trachtenvereine in Hessen ver\u00f6ffentlicht.<\/p>\n\n\n\n<p>Quelle und Bild: Butzbacher Zeitung vom November 2000<\/p>\n\n\n\n<figure class=\"wp-block-image size-full\"><img loading=\"lazy\" decoding=\"async\" width=\"985\" height=\"655\" src=\"http:\/\/875jahrekirchgoens.de\/wp-content\/uploads\/2024\/05\/TrachtenjaegerBild1.jpg\" alt=\"\" class=\"wp-image-15472\" srcset=\"http:\/\/875jahrekirchgoens.de\/wp-content\/uploads\/2024\/05\/TrachtenjaegerBild1.jpg 985w, http:\/\/875jahrekirchgoens.de\/wp-content\/uploads\/2024\/05\/TrachtenjaegerBild1-300x199.jpg 300w, http:\/\/875jahrekirchgoens.de\/wp-content\/uploads\/2024\/05\/TrachtenjaegerBild1-768x511.jpg 768w\" sizes=\"auto, (max-width: 985px) 100vw, 985px\" \/><\/figure>\n","protected":false},"excerpt":{"rendered":"<p>\u2026 S\u00e4nger, T\u00e4nzer und Jugendlichen des Heimat- und Backhausvereins zu einem Fototermin vor dem historischen Backhaus. Die Aufnahme wird in einem Buch der Hessischen Vereinigung f\u00fcr Tanz- und Trachtenpflege \u00fcber Trachtenvereine in Hessen ver\u00f6ffentlicht. Quelle und Bild: Butzbacher Zeitung vom November 2000<\/p>\n","protected":false},"author":1,"featured_media":0,"comment_status":"closed","ping_status":"open","sticky":false,"template":"","format":"standard","meta":{"footnotes":""},"categories":[1],"tags":[],"class_list":["post-15473","post","type-post","status-publish","format-standard","hentry","category-infos"],"_links":{"self":[{"href":"http:\/\/875jahrekirchgoens.de\/index.php?rest_route=\/wp\/v2\/posts\/15473","targetHints":{"allow":["GET"]}}],"collection":[{"href":"http:\/\/875jahrekirchgoens.de\/index.php?rest_route=\/wp\/v2\/posts"}],"about":[{"href":"http:\/\/875jahrekirchgoens.de\/index.php?rest_route=\/wp\/v2\/types\/post"}],"author":[{"embeddable":true,"href":"http:\/\/875jahrekirchgoens.de\/index.php?rest_route=\/wp\/v2\/users\/1"}],"replies":[{"embeddable":true,"href":"http:\/\/875jahrekirchgoens.de\/index.php?rest_route=%2Fwp%2Fv2%2Fcomments&post=15473"}],"version-history":[{"count":1,"href":"http:\/\/875jahrekirchgoens.de\/index.php?rest_route=\/wp\/v2\/posts\/15473\/revisions"}],"predecessor-version":[{"id":15474,"href":"http:\/\/875jahrekirchgoens.de\/index.php?rest_route=\/wp\/v2\/posts\/15473\/revisions\/15474"}],"wp:attachment":[{"href":"http:\/\/875jahrekirchgoens.de\/index.php?rest_route=%2Fwp%2Fv2%2Fmedia&parent=15473"}],"wp:term":[{"taxonomy":"category","embeddable":true,"href":"http:\/\/875jahrekirchgoens.de\/index.php?rest_route=%2Fwp%2Fv2%2Fcategories&post=15473"},{"taxonomy":"post_tag","embeddable":true,"href":"http:\/\/875jahrekirchgoens.de\/index.php?rest_route=%2Fwp%2Fv2%2Ftags&post=15473"}],"curies":[{"name":"wp","href":"https:\/\/api.w.org\/{rel}","templated":true}]}}