{"id":15476,"date":"2024-04-25T15:38:00","date_gmt":"2024-04-25T15:38:00","guid":{"rendered":"http:\/\/875jahrekirchgoens.de\/?p=15476"},"modified":"2024-05-19T15:40:01","modified_gmt":"2024-05-19T15:40:01","slug":"gleich-dreimal-silber","status":"publish","type":"post","link":"http:\/\/875jahrekirchgoens.de\/?p=15476","title":{"rendered":"Gleich dreimal Silber"},"content":{"rendered":"\n<p><em>Sportakrobatik: G\u00f6nser Damen stark in Form<\/em><\/p>\n\n\n\n<p>Gro\u00dfer Erfolg f\u00fcr die G\u00f6nser Sportakrobatinnen: Vier Sportlerinnen des TV Pohl-G\u00f6ns und TV Kirch-G\u00f6ns haben bei der offenen Rheinland-Pfalz-Meisterschaft der Sportakrobatik in drei Kategorien den Vizemeistertitel errungen. Lara Koglin und Mira Schuchard sicherten sich in der Meisterklasse Kategorie Damenpaar gleich zwei Silbermedaillen. Sowohl in der Disziplin \u201eBalance\u201c als auch in \u201eDynamik\u201c konnten sie eine starke Leistung abrufen und mussten sich nur der SG Schwarz-Wei\u00df Oldenburg geschlagen geben. Lilly Gaul und Elora Dietz starteten in der Altersklasse Sch\u00fcler Kategorie Damenpaar und \u00fcberzeugten mit einer sehr sauberen technischen Ausf\u00fchrung ihrer Balance\u00fcbung. Mit nur 0,4 Punkten verpassten sie den ersten Platz und freuten sich dennoch \u00fcber die Silbermedaille. Mit insgesamt elf Akrobatinnen und unterst\u00fctzenden Eltern waren Trainerin Martina Volk und Jana Dietz zu den Titelk\u00e4mpfen nach Bad Sobernheim in Rheinland-Pfalz angereist. Insgesamt gab es 127 Starts aus 22 Vereinen und neun Bundesl\u00e4ndern. Beatrice Gobbo und Blanca Zuparic erreichten in der Altersklasse Junioren1 Damenpaar den f\u00fcnften Platz. Lilly Wimmer, Marie Horwarth und Amelie Lesch erturnten sich mit einer tollen Leistung im gro\u00dfen Teilnehmerfeld der Damengruppen in der Nachwuchsklasse WKK 1.2 Platz sechs. In der Wettkampfklasse belegten Finja Ratz und Lara Heimsoth den siebten Rang.<\/p>\n\n\n\n<p>Quelle und Bild: Butzbacher Zeitung vom 25. April 2024<\/p>\n\n\n\n<figure class=\"wp-block-image size-full\"><img loading=\"lazy\" decoding=\"async\" width=\"214\" height=\"308\" src=\"http:\/\/875jahrekirchgoens.de\/wp-content\/uploads\/2024\/05\/dreimal-silber-Bild1.png\" alt=\"\" class=\"wp-image-15477\" srcset=\"http:\/\/875jahrekirchgoens.de\/wp-content\/uploads\/2024\/05\/dreimal-silber-Bild1.png 214w, http:\/\/875jahrekirchgoens.de\/wp-content\/uploads\/2024\/05\/dreimal-silber-Bild1-208x300.png 208w\" sizes=\"auto, (max-width: 214px) 100vw, 214px\" \/><\/figure>\n","protected":false},"excerpt":{"rendered":"<p>Sportakrobatik: G\u00f6nser Damen stark in Form Gro\u00dfer Erfolg f\u00fcr die G\u00f6nser Sportakrobatinnen: Vier Sportlerinnen des TV Pohl-G\u00f6ns und TV Kirch-G\u00f6ns haben bei der offenen Rheinland-Pfalz-Meisterschaft der Sportakrobatik in drei Kategorien den Vizemeistertitel errungen. Lara Koglin und Mira Schuchard sicherten sich in der Meisterklasse Kategorie Damenpaar gleich zwei Silbermedaillen. Sowohl in der Disziplin \u201eBalance\u201c als auch &#8230; <a title=\"Gleich dreimal Silber\" class=\"read-more\" href=\"http:\/\/875jahrekirchgoens.de\/?p=15476\" aria-label=\"Mehr Informationen \u00fcber Gleich dreimal Silber\">Weiterlesen<\/a><\/p>\n","protected":false},"author":1,"featured_media":0,"comment_status":"closed","ping_status":"open","sticky":false,"template":"","format":"standard","meta":{"footnotes":""},"categories":[1],"tags":[],"class_list":["post-15476","post","type-post","status-publish","format-standard","hentry","category-infos"],"_links":{"self":[{"href":"http:\/\/875jahrekirchgoens.de\/index.php?rest_route=\/wp\/v2\/posts\/15476","targetHints":{"allow":["GET"]}}],"collection":[{"href":"http:\/\/875jahrekirchgoens.de\/index.php?rest_route=\/wp\/v2\/posts"}],"about":[{"href":"http:\/\/875jahrekirchgoens.de\/index.php?rest_route=\/wp\/v2\/types\/post"}],"author":[{"embeddable":true,"href":"http:\/\/875jahrekirchgoens.de\/index.php?rest_route=\/wp\/v2\/users\/1"}],"replies":[{"embeddable":true,"href":"http:\/\/875jahrekirchgoens.de\/index.php?rest_route=%2Fwp%2Fv2%2Fcomments&post=15476"}],"version-history":[{"count":1,"href":"http:\/\/875jahrekirchgoens.de\/index.php?rest_route=\/wp\/v2\/posts\/15476\/revisions"}],"predecessor-version":[{"id":15478,"href":"http:\/\/875jahrekirchgoens.de\/index.php?rest_route=\/wp\/v2\/posts\/15476\/revisions\/15478"}],"wp:attachment":[{"href":"http:\/\/875jahrekirchgoens.de\/index.php?rest_route=%2Fwp%2Fv2%2Fmedia&parent=15476"}],"wp:term":[{"taxonomy":"category","embeddable":true,"href":"http:\/\/875jahrekirchgoens.de\/index.php?rest_route=%2Fwp%2Fv2%2Fcategories&post=15476"},{"taxonomy":"post_tag","embeddable":true,"href":"http:\/\/875jahrekirchgoens.de\/index.php?rest_route=%2Fwp%2Fv2%2Ftags&post=15476"}],"curies":[{"name":"wp","href":"https:\/\/api.w.org\/{rel}","templated":true}]}}