{"id":15484,"date":"2021-07-11T15:44:00","date_gmt":"2021-07-11T15:44:00","guid":{"rendered":"http:\/\/875jahrekirchgoens.de\/?p=15484"},"modified":"2024-05-19T15:45:32","modified_gmt":"2024-05-19T15:45:32","slug":"konfirmation-in-kirch-goens-2","status":"publish","type":"post","link":"http:\/\/875jahrekirchgoens.de\/?p=15484","title":{"rendered":"Konfirmation in Kirch-G\u00f6ns"},"content":{"rendered":"\n<p>Am Sonntag, 11. Juli wurden in der Kirch-G\u00f6nser Kirche um 09:00 Uhr und um 11:00 Uhr in zwei Gruppen jeweils vier junge Menschen unter Beisein von ihren Familien von Pfarrer William Thum konfirmiert. Im Einzelnen waren dies: Charlotte Dernedde, Nils Ole Langsdorf, Leon Lerch, Philipp Noah M\u00fcll, Sarah Michelle Forgo, Charlotte Luise R\u00fchl, Sanja Schaaf und Charlotte Wendt. Auch in Kirch-G\u00f6ns nahm Pfarrer Thum wie eine Woche vorher in Pohl-G\u00f6ns einen Vers aus dem Kolosserbrief des Apostels Paulus als Grundlage der Predigt: \u201e\u00dcber alles aber zieht an die Liebe, denn sie ist das Band der Vollkommenheit.\u201c Die Konfirmanden feierten mit Pfarrer Thum das Abendmahl, wegen der Corona-Bedingungen ohne die Teilnahme der Familien. Die Konfirmanden und Konfirmandinnen bekamen au\u00dfer einer Urkunde eine Halskette mit einem Kreuz in bunten Farben als Erinnerung geschenkt.<\/p>\n\n\n\n<p>Quelle: <a href=\"http:\/\/www.evkpg.ekhn.de\">www.evkpg.ekhn.de<\/a> vom 11. Juli 2021<\/p>\n","protected":false},"excerpt":{"rendered":"<p>Am Sonntag, 11. Juli wurden in der Kirch-G\u00f6nser Kirche um 09:00 Uhr und um 11:00 Uhr in zwei Gruppen jeweils vier junge Menschen unter Beisein von ihren Familien von Pfarrer William Thum konfirmiert. Im Einzelnen waren dies: Charlotte Dernedde, Nils Ole Langsdorf, Leon Lerch, Philipp Noah M\u00fcll, Sarah Michelle Forgo, Charlotte Luise R\u00fchl, Sanja Schaaf &#8230; <a title=\"Konfirmation in Kirch-G\u00f6ns\" class=\"read-more\" href=\"http:\/\/875jahrekirchgoens.de\/?p=15484\" aria-label=\"Mehr Informationen \u00fcber Konfirmation in Kirch-G\u00f6ns\">Weiterlesen<\/a><\/p>\n","protected":false},"author":1,"featured_media":0,"comment_status":"closed","ping_status":"open","sticky":false,"template":"","format":"standard","meta":{"footnotes":""},"categories":[1],"tags":[],"class_list":["post-15484","post","type-post","status-publish","format-standard","hentry","category-infos"],"_links":{"self":[{"href":"http:\/\/875jahrekirchgoens.de\/index.php?rest_route=\/wp\/v2\/posts\/15484","targetHints":{"allow":["GET"]}}],"collection":[{"href":"http:\/\/875jahrekirchgoens.de\/index.php?rest_route=\/wp\/v2\/posts"}],"about":[{"href":"http:\/\/875jahrekirchgoens.de\/index.php?rest_route=\/wp\/v2\/types\/post"}],"author":[{"embeddable":true,"href":"http:\/\/875jahrekirchgoens.de\/index.php?rest_route=\/wp\/v2\/users\/1"}],"replies":[{"embeddable":true,"href":"http:\/\/875jahrekirchgoens.de\/index.php?rest_route=%2Fwp%2Fv2%2Fcomments&post=15484"}],"version-history":[{"count":1,"href":"http:\/\/875jahrekirchgoens.de\/index.php?rest_route=\/wp\/v2\/posts\/15484\/revisions"}],"predecessor-version":[{"id":15485,"href":"http:\/\/875jahrekirchgoens.de\/index.php?rest_route=\/wp\/v2\/posts\/15484\/revisions\/15485"}],"wp:attachment":[{"href":"http:\/\/875jahrekirchgoens.de\/index.php?rest_route=%2Fwp%2Fv2%2Fmedia&parent=15484"}],"wp:term":[{"taxonomy":"category","embeddable":true,"href":"http:\/\/875jahrekirchgoens.de\/index.php?rest_route=%2Fwp%2Fv2%2Fcategories&post=15484"},{"taxonomy":"post_tag","embeddable":true,"href":"http:\/\/875jahrekirchgoens.de\/index.php?rest_route=%2Fwp%2Fv2%2Ftags&post=15484"}],"curies":[{"name":"wp","href":"https:\/\/api.w.org\/{rel}","templated":true}]}}