{"id":15487,"date":"2020-12-23T15:47:00","date_gmt":"2020-12-23T15:47:00","guid":{"rendered":"http:\/\/875jahrekirchgoens.de\/?p=15487"},"modified":"2024-05-19T15:48:56","modified_gmt":"2024-05-19T15:48:56","slug":"weihnachtliche-stimmung-in-und-um-kirche-in-kirch-goens","status":"publish","type":"post","link":"http:\/\/875jahrekirchgoens.de\/?p=15487","title":{"rendered":"Weihnachtliche Stimmung in und um Kirche in Kirch-G\u00f6ns"},"content":{"rendered":"\n<p>In Kirch-G\u00f6ns haben die Mitglieder des Kirchenvorstandes f\u00fcr eine weihnachtliche Stimmung in und um die Kirche gesorgt. Auch wenn dieses Jahr dort keine Gottesdienste gefeiert werden k\u00f6nnen, so soll doch auf diese Weise deutlich werden, dass Weihnachten stattfindet. So konnte auch rechtzeitig in weihnachtlicher Umgebung ein Videogottesdienst f\u00fcr Heiligabend aufgezeichnet werden. Herzlichen Dank an Ingrid Herbel, Heidrun Diehl, Hilde Euler, Doris Nern, Diana Diehl, Andrea Henkel, Franziska M\u00fcller und Dieter Meier sowie der Hilfe durch die EVB f\u00fcr die Au\u00dfenbeleuchtung.<\/p>\n\n\n\n<p>Quelle und Bilder: www. evkpg.ekhn.de vom 23. Dezember 2020<\/p>\n\n\n\n<figure class=\"wp-block-image size-full\"><img loading=\"lazy\" decoding=\"async\" width=\"898\" height=\"256\" src=\"http:\/\/875jahrekirchgoens.de\/wp-content\/uploads\/2024\/05\/Screenshot-2024-05-19-174805.png\" alt=\"\" class=\"wp-image-15488\" srcset=\"http:\/\/875jahrekirchgoens.de\/wp-content\/uploads\/2024\/05\/Screenshot-2024-05-19-174805.png 898w, http:\/\/875jahrekirchgoens.de\/wp-content\/uploads\/2024\/05\/Screenshot-2024-05-19-174805-300x86.png 300w, http:\/\/875jahrekirchgoens.de\/wp-content\/uploads\/2024\/05\/Screenshot-2024-05-19-174805-768x219.png 768w\" sizes=\"auto, (max-width: 898px) 100vw, 898px\" \/><\/figure>\n","protected":false},"excerpt":{"rendered":"<p>In Kirch-G\u00f6ns haben die Mitglieder des Kirchenvorstandes f\u00fcr eine weihnachtliche Stimmung in und um die Kirche gesorgt. Auch wenn dieses Jahr dort keine Gottesdienste gefeiert werden k\u00f6nnen, so soll doch auf diese Weise deutlich werden, dass Weihnachten stattfindet. So konnte auch rechtzeitig in weihnachtlicher Umgebung ein Videogottesdienst f\u00fcr Heiligabend aufgezeichnet werden. Herzlichen Dank an Ingrid &#8230; <a title=\"Weihnachtliche Stimmung in und um Kirche in Kirch-G\u00f6ns\" class=\"read-more\" href=\"http:\/\/875jahrekirchgoens.de\/?p=15487\" aria-label=\"Mehr Informationen \u00fcber Weihnachtliche Stimmung in und um Kirche in Kirch-G\u00f6ns\">Weiterlesen<\/a><\/p>\n","protected":false},"author":1,"featured_media":0,"comment_status":"closed","ping_status":"open","sticky":false,"template":"","format":"standard","meta":{"footnotes":""},"categories":[1],"tags":[],"class_list":["post-15487","post","type-post","status-publish","format-standard","hentry","category-infos"],"_links":{"self":[{"href":"http:\/\/875jahrekirchgoens.de\/index.php?rest_route=\/wp\/v2\/posts\/15487","targetHints":{"allow":["GET"]}}],"collection":[{"href":"http:\/\/875jahrekirchgoens.de\/index.php?rest_route=\/wp\/v2\/posts"}],"about":[{"href":"http:\/\/875jahrekirchgoens.de\/index.php?rest_route=\/wp\/v2\/types\/post"}],"author":[{"embeddable":true,"href":"http:\/\/875jahrekirchgoens.de\/index.php?rest_route=\/wp\/v2\/users\/1"}],"replies":[{"embeddable":true,"href":"http:\/\/875jahrekirchgoens.de\/index.php?rest_route=%2Fwp%2Fv2%2Fcomments&post=15487"}],"version-history":[{"count":1,"href":"http:\/\/875jahrekirchgoens.de\/index.php?rest_route=\/wp\/v2\/posts\/15487\/revisions"}],"predecessor-version":[{"id":15489,"href":"http:\/\/875jahrekirchgoens.de\/index.php?rest_route=\/wp\/v2\/posts\/15487\/revisions\/15489"}],"wp:attachment":[{"href":"http:\/\/875jahrekirchgoens.de\/index.php?rest_route=%2Fwp%2Fv2%2Fmedia&parent=15487"}],"wp:term":[{"taxonomy":"category","embeddable":true,"href":"http:\/\/875jahrekirchgoens.de\/index.php?rest_route=%2Fwp%2Fv2%2Fcategories&post=15487"},{"taxonomy":"post_tag","embeddable":true,"href":"http:\/\/875jahrekirchgoens.de\/index.php?rest_route=%2Fwp%2Fv2%2Ftags&post=15487"}],"curies":[{"name":"wp","href":"https:\/\/api.w.org\/{rel}","templated":true}]}}