{"id":15491,"date":"2018-11-21T15:51:00","date_gmt":"2018-11-21T15:51:00","guid":{"rendered":"http:\/\/875jahrekirchgoens.de\/?p=15491"},"modified":"2024-05-19T15:53:28","modified_gmt":"2024-05-19T15:53:28","slug":"andrea-henkel-als-neue-kirchenvorsteherin-eingefuehrt","status":"publish","type":"post","link":"http:\/\/875jahrekirchgoens.de\/?p=15491","title":{"rendered":"Andrea Henkel als neue Kirchenvorsteherin eingef\u00fchrt"},"content":{"rendered":"\n<p>Im Abendgottesdienst am Bu\u00df- und Bettag wurde Frau Andrea Henkel als neues Mitglied in den Kirch-G\u00f6nser Kirchenvorstand eingef\u00fchrt. Nachdem sie gem\u00e4\u00df der Kirchenordnung ihr Gel\u00f6bnis abgelegt hatte, spendete Pfarrer William Thum ihr einen Segen f\u00fcr ihren Dienst. Anschlie\u00dfend brachte jeder der anderen Kirchenvorsteher eine F\u00fcrbitte f\u00fcr das neue Mitglied im Kirchenvorstand vor. Der Vorsitzende des Kirchenvorstandes, Dieter Meier, richtete gute und freundliche Worte an Frau Henkel und \u00fcberreichte ihr einen Blumenstrau\u00df. Pfarrer William Thum \u00fcbergab die Ernennungsurkunde der Evangelischen Kirche in Hessen und Nassau und schenkte zus\u00e4tzlich ein bewegliches Holzfigurenpaar, das immer mal wieder zur Vergewisserung dienen kann, wie die Gemeinschaft im Kirchenvorstand zueinandersteht. Die anwesende Gemeinde dr\u00fcckte ihre Freude durch einen herzlichen Applaus aus. <\/p>\n\n\n\n<p>Quelle und Bild: www. evkpg.ekhn.de vom 21. November 2018<\/p>\n\n\n\n<figure class=\"wp-block-image size-full\"><img loading=\"lazy\" decoding=\"async\" width=\"447\" height=\"253\" src=\"http:\/\/875jahrekirchgoens.de\/wp-content\/uploads\/2024\/05\/Andrea-Henkel-Bild1.png\" alt=\"\" class=\"wp-image-15492\" srcset=\"http:\/\/875jahrekirchgoens.de\/wp-content\/uploads\/2024\/05\/Andrea-Henkel-Bild1.png 447w, http:\/\/875jahrekirchgoens.de\/wp-content\/uploads\/2024\/05\/Andrea-Henkel-Bild1-300x170.png 300w\" sizes=\"auto, (max-width: 447px) 100vw, 447px\" \/><\/figure>\n","protected":false},"excerpt":{"rendered":"<p>Im Abendgottesdienst am Bu\u00df- und Bettag wurde Frau Andrea Henkel als neues Mitglied in den Kirch-G\u00f6nser Kirchenvorstand eingef\u00fchrt. Nachdem sie gem\u00e4\u00df der Kirchenordnung ihr Gel\u00f6bnis abgelegt hatte, spendete Pfarrer William Thum ihr einen Segen f\u00fcr ihren Dienst. Anschlie\u00dfend brachte jeder der anderen Kirchenvorsteher eine F\u00fcrbitte f\u00fcr das neue Mitglied im Kirchenvorstand vor. Der Vorsitzende des &#8230; <a title=\"Andrea Henkel als neue Kirchenvorsteherin eingef\u00fchrt\" class=\"read-more\" href=\"http:\/\/875jahrekirchgoens.de\/?p=15491\" aria-label=\"Mehr Informationen \u00fcber Andrea Henkel als neue Kirchenvorsteherin eingef\u00fchrt\">Weiterlesen<\/a><\/p>\n","protected":false},"author":1,"featured_media":0,"comment_status":"closed","ping_status":"open","sticky":false,"template":"","format":"standard","meta":{"footnotes":""},"categories":[1],"tags":[],"class_list":["post-15491","post","type-post","status-publish","format-standard","hentry","category-infos"],"_links":{"self":[{"href":"http:\/\/875jahrekirchgoens.de\/index.php?rest_route=\/wp\/v2\/posts\/15491","targetHints":{"allow":["GET"]}}],"collection":[{"href":"http:\/\/875jahrekirchgoens.de\/index.php?rest_route=\/wp\/v2\/posts"}],"about":[{"href":"http:\/\/875jahrekirchgoens.de\/index.php?rest_route=\/wp\/v2\/types\/post"}],"author":[{"embeddable":true,"href":"http:\/\/875jahrekirchgoens.de\/index.php?rest_route=\/wp\/v2\/users\/1"}],"replies":[{"embeddable":true,"href":"http:\/\/875jahrekirchgoens.de\/index.php?rest_route=%2Fwp%2Fv2%2Fcomments&post=15491"}],"version-history":[{"count":1,"href":"http:\/\/875jahrekirchgoens.de\/index.php?rest_route=\/wp\/v2\/posts\/15491\/revisions"}],"predecessor-version":[{"id":15493,"href":"http:\/\/875jahrekirchgoens.de\/index.php?rest_route=\/wp\/v2\/posts\/15491\/revisions\/15493"}],"wp:attachment":[{"href":"http:\/\/875jahrekirchgoens.de\/index.php?rest_route=%2Fwp%2Fv2%2Fmedia&parent=15491"}],"wp:term":[{"taxonomy":"category","embeddable":true,"href":"http:\/\/875jahrekirchgoens.de\/index.php?rest_route=%2Fwp%2Fv2%2Fcategories&post=15491"},{"taxonomy":"post_tag","embeddable":true,"href":"http:\/\/875jahrekirchgoens.de\/index.php?rest_route=%2Fwp%2Fv2%2Ftags&post=15491"}],"curies":[{"name":"wp","href":"https:\/\/api.w.org\/{rel}","templated":true}]}}