{"id":15498,"date":"2003-06-16T15:58:00","date_gmt":"2003-06-16T15:58:00","guid":{"rendered":"http:\/\/875jahrekirchgoens.de\/?p=15498"},"modified":"2024-05-19T16:01:16","modified_gmt":"2024-05-19T16:01:16","slug":"die-hochzeitsgesellschaft-kam-in-huettenberger-tracht","status":"publish","type":"post","link":"http:\/\/875jahrekirchgoens.de\/?p=15498","title":{"rendered":"Die Hochzeitsgesellschaft kam in H\u00fcttenberger Tracht"},"content":{"rendered":"\n<p>Der Br\u00e4utigam ist 1. Vorsitzender des Kirch-G\u00f6ns Heimat- und Backhausvereins, der sich die Erhaltung d\u00f6rflichen Brauchtums auf seine Fahne geschrieben hat. Dazu geh\u00f6rt die Pflege der H\u00fcttenberger Tracht der Frauen. Auf Wunsch des Brautpaares nahm die Hochzeitsgesellschaft in Tracht an der Trauung teil. Die Frauen trugen die H\u00fcttenberger Tracht in all ihren verschiedenen Ausbildungen, die Herren schwarze Gehr\u00f6cke und Zylinder. Bevor das Brautpaar mit seinen G\u00e4sten zur Kirche ging, wurde die Braut mit der traditionellen reichverzierten Hochzeitshaube geschm\u00fcckt. Da es heutzutage keine der fr\u00fcher \u00fcblichen professionellen \u201eOffb\u00e4nnersche\u201c gibt, Frauen, die sich auf das Herrichten von Brautkleid, B\u00e4ndern und Kopfschmuck spezialisiert hatten, \u00fcbernahm die Pohl-G\u00f6nserin Elke Besler diesen Part. Sie besch\u00e4ftigt sich als Hobby mit der Geschichte der H\u00fcttenberger Tracht. Nachdem Braut und Br\u00e4utigam sowie Hochzeitsgesellschaft hergerichtet waren, ging es in die Kirch-G\u00f6nser Kirche. Dort nahm Pfarrer William Thum die Trauung vor. Das an der Trauung anschlie\u00dfende Spalierstehen der Vereinsmitglieder fiel regelrecht ins Wasser. Gerade als das Brautpaar die Kirche verlie\u00df, prasselte ein starker Gewitterregen nieder. So schnell wie m\u00f6glich eilten Brautpaar, Hochzeitsgesellschaft und Zuschauer ins nahe B\u00fcrgerhaus. Nachdem die Sonne wieder schien, stellte sich die Hochzeitsgesellschaft den Fotografen. Schlie\u00dflich hie\u00df es ein Ereignis festzuhalten, das in dieser Form sicherlich so schnell nicht wieder in Kirch-G\u00f6ns stattfinden wird.<\/p>\n\n\n\n<p>Quelle und Bilder: Butzbacher Zeitung vom 16. Juni 2003<\/p>\n\n\n\n<figure class=\"wp-block-gallery has-nested-images columns-default is-cropped wp-block-gallery-1 is-layout-flex wp-block-gallery-is-layout-flex\">\n<figure class=\"wp-block-image size-large\"><img loading=\"lazy\" decoding=\"async\" width=\"897\" height=\"292\" data-id=\"15499\" src=\"http:\/\/875jahrekirchgoens.de\/wp-content\/uploads\/2024\/05\/Tracht1-.png\" alt=\"\" class=\"wp-image-15499\" srcset=\"http:\/\/875jahrekirchgoens.de\/wp-content\/uploads\/2024\/05\/Tracht1-.png 897w, http:\/\/875jahrekirchgoens.de\/wp-content\/uploads\/2024\/05\/Tracht1--300x98.png 300w, http:\/\/875jahrekirchgoens.de\/wp-content\/uploads\/2024\/05\/Tracht1--768x250.png 768w\" sizes=\"auto, (max-width: 897px) 100vw, 897px\" \/><\/figure>\n<\/figure>\n\n\n\n<figure class=\"wp-block-image size-full\"><img loading=\"lazy\" decoding=\"async\" width=\"919\" height=\"487\" src=\"http:\/\/875jahrekirchgoens.de\/wp-content\/uploads\/2024\/05\/Tracht2-.png\" alt=\"\" class=\"wp-image-15500\" srcset=\"http:\/\/875jahrekirchgoens.de\/wp-content\/uploads\/2024\/05\/Tracht2-.png 919w, http:\/\/875jahrekirchgoens.de\/wp-content\/uploads\/2024\/05\/Tracht2--300x159.png 300w, http:\/\/875jahrekirchgoens.de\/wp-content\/uploads\/2024\/05\/Tracht2--768x407.png 768w\" sizes=\"auto, (max-width: 919px) 100vw, 919px\" \/><\/figure>\n","protected":false},"excerpt":{"rendered":"<p>Der Br\u00e4utigam ist 1. Vorsitzender des Kirch-G\u00f6ns Heimat- und Backhausvereins, der sich die Erhaltung d\u00f6rflichen Brauchtums auf seine Fahne geschrieben hat. Dazu geh\u00f6rt die Pflege der H\u00fcttenberger Tracht der Frauen. Auf Wunsch des Brautpaares nahm die Hochzeitsgesellschaft in Tracht an der Trauung teil. Die Frauen trugen die H\u00fcttenberger Tracht in all ihren verschiedenen Ausbildungen, die &#8230; <a title=\"Die Hochzeitsgesellschaft kam in H\u00fcttenberger Tracht\" class=\"read-more\" href=\"http:\/\/875jahrekirchgoens.de\/?p=15498\" aria-label=\"Mehr Informationen \u00fcber Die Hochzeitsgesellschaft kam in H\u00fcttenberger Tracht\">Weiterlesen<\/a><\/p>\n","protected":false},"author":1,"featured_media":0,"comment_status":"closed","ping_status":"open","sticky":false,"template":"","format":"standard","meta":{"footnotes":""},"categories":[1],"tags":[],"class_list":["post-15498","post","type-post","status-publish","format-standard","hentry","category-infos"],"_links":{"self":[{"href":"http:\/\/875jahrekirchgoens.de\/index.php?rest_route=\/wp\/v2\/posts\/15498","targetHints":{"allow":["GET"]}}],"collection":[{"href":"http:\/\/875jahrekirchgoens.de\/index.php?rest_route=\/wp\/v2\/posts"}],"about":[{"href":"http:\/\/875jahrekirchgoens.de\/index.php?rest_route=\/wp\/v2\/types\/post"}],"author":[{"embeddable":true,"href":"http:\/\/875jahrekirchgoens.de\/index.php?rest_route=\/wp\/v2\/users\/1"}],"replies":[{"embeddable":true,"href":"http:\/\/875jahrekirchgoens.de\/index.php?rest_route=%2Fwp%2Fv2%2Fcomments&post=15498"}],"version-history":[{"count":1,"href":"http:\/\/875jahrekirchgoens.de\/index.php?rest_route=\/wp\/v2\/posts\/15498\/revisions"}],"predecessor-version":[{"id":15501,"href":"http:\/\/875jahrekirchgoens.de\/index.php?rest_route=\/wp\/v2\/posts\/15498\/revisions\/15501"}],"wp:attachment":[{"href":"http:\/\/875jahrekirchgoens.de\/index.php?rest_route=%2Fwp%2Fv2%2Fmedia&parent=15498"}],"wp:term":[{"taxonomy":"category","embeddable":true,"href":"http:\/\/875jahrekirchgoens.de\/index.php?rest_route=%2Fwp%2Fv2%2Fcategories&post=15498"},{"taxonomy":"post_tag","embeddable":true,"href":"http:\/\/875jahrekirchgoens.de\/index.php?rest_route=%2Fwp%2Fv2%2Ftags&post=15498"}],"curies":[{"name":"wp","href":"https:\/\/api.w.org\/{rel}","templated":true}]}}