{"id":15507,"date":"2003-04-01T16:06:00","date_gmt":"2003-04-01T16:06:00","guid":{"rendered":"http:\/\/875jahrekirchgoens.de\/?p=15507"},"modified":"2024-05-19T16:08:33","modified_gmt":"2024-05-19T16:08:33","slug":"die-kinder-waren-begeistert-vom-kartoffelstecken-wir-anno-dazumal","status":"publish","type":"post","link":"http:\/\/875jahrekirchgoens.de\/?p=15507","title":{"rendered":"Die Kinder waren begeistert vom Kartoffelstecken wie anno dazumal"},"content":{"rendered":"\n<p><em>Projekt \u201eRund um die Kartoffel\u201c des Heimat- und Backhausvereins findet gro\u00dfe Resonanz<\/em><\/p>\n\n\n\n<p>Der Heimat- und Backhausverein Kirch-G\u00f6ns demonstrierte am Dienstag auf einem Acker zwischen den beiden Stadtteilen Butzbacher Schulkindern das Kartoffellegen. Auch ein z\u00fcnftiges Fr\u00fchst\u00fcck geh\u00f6rte dazu. Die Kinder halfen ebenfalls flei\u00dfig mit.<\/p>\n\n\n\n<p>Quelle und Bilder: Heimat- und Backhausverein Kirch-G\u00f6ns aus dem Jahre 2003<\/p>\n\n\n\n<figure class=\"wp-block-image size-full\"><img loading=\"lazy\" decoding=\"async\" width=\"903\" height=\"532\" src=\"http:\/\/875jahrekirchgoens.de\/wp-content\/uploads\/2024\/05\/kartoffelanbeu-2.png\" alt=\"\" class=\"wp-image-15508\" srcset=\"http:\/\/875jahrekirchgoens.de\/wp-content\/uploads\/2024\/05\/kartoffelanbeu-2.png 903w, http:\/\/875jahrekirchgoens.de\/wp-content\/uploads\/2024\/05\/kartoffelanbeu-2-300x177.png 300w, http:\/\/875jahrekirchgoens.de\/wp-content\/uploads\/2024\/05\/kartoffelanbeu-2-768x452.png 768w\" sizes=\"auto, (max-width: 903px) 100vw, 903px\" \/><\/figure>\n","protected":false},"excerpt":{"rendered":"<p>Projekt \u201eRund um die Kartoffel\u201c des Heimat- und Backhausvereins findet gro\u00dfe Resonanz Der Heimat- und Backhausverein Kirch-G\u00f6ns demonstrierte am Dienstag auf einem Acker zwischen den beiden Stadtteilen Butzbacher Schulkindern das Kartoffellegen. Auch ein z\u00fcnftiges Fr\u00fchst\u00fcck geh\u00f6rte dazu. Die Kinder halfen ebenfalls flei\u00dfig mit. Quelle und Bilder: Heimat- und Backhausverein Kirch-G\u00f6ns aus dem Jahre 2003<\/p>\n","protected":false},"author":1,"featured_media":0,"comment_status":"closed","ping_status":"open","sticky":false,"template":"","format":"standard","meta":{"footnotes":""},"categories":[1],"tags":[],"class_list":["post-15507","post","type-post","status-publish","format-standard","hentry","category-infos"],"_links":{"self":[{"href":"http:\/\/875jahrekirchgoens.de\/index.php?rest_route=\/wp\/v2\/posts\/15507","targetHints":{"allow":["GET"]}}],"collection":[{"href":"http:\/\/875jahrekirchgoens.de\/index.php?rest_route=\/wp\/v2\/posts"}],"about":[{"href":"http:\/\/875jahrekirchgoens.de\/index.php?rest_route=\/wp\/v2\/types\/post"}],"author":[{"embeddable":true,"href":"http:\/\/875jahrekirchgoens.de\/index.php?rest_route=\/wp\/v2\/users\/1"}],"replies":[{"embeddable":true,"href":"http:\/\/875jahrekirchgoens.de\/index.php?rest_route=%2Fwp%2Fv2%2Fcomments&post=15507"}],"version-history":[{"count":2,"href":"http:\/\/875jahrekirchgoens.de\/index.php?rest_route=\/wp\/v2\/posts\/15507\/revisions"}],"predecessor-version":[{"id":15510,"href":"http:\/\/875jahrekirchgoens.de\/index.php?rest_route=\/wp\/v2\/posts\/15507\/revisions\/15510"}],"wp:attachment":[{"href":"http:\/\/875jahrekirchgoens.de\/index.php?rest_route=%2Fwp%2Fv2%2Fmedia&parent=15507"}],"wp:term":[{"taxonomy":"category","embeddable":true,"href":"http:\/\/875jahrekirchgoens.de\/index.php?rest_route=%2Fwp%2Fv2%2Fcategories&post=15507"},{"taxonomy":"post_tag","embeddable":true,"href":"http:\/\/875jahrekirchgoens.de\/index.php?rest_route=%2Fwp%2Fv2%2Ftags&post=15507"}],"curies":[{"name":"wp","href":"https:\/\/api.w.org\/{rel}","templated":true}]}}