{"id":15512,"date":"2001-04-07T16:10:00","date_gmt":"2001-04-07T16:10:00","guid":{"rendered":"http:\/\/875jahrekirchgoens.de\/?p=15512"},"modified":"2024-05-19T16:11:30","modified_gmt":"2024-05-19T16:11:30","slug":"backen-fuer-die-allgemeinheit","status":"publish","type":"post","link":"http:\/\/875jahrekirchgoens.de\/?p=15512","title":{"rendered":"Backen f\u00fcr die Allgemeinheit"},"content":{"rendered":"\n<p>Der Heimat- und Backhausverein bietet am Samstag, 7. April 2001, wieder sein beliebtes \u201eBacken f\u00fcr die Allgemeinheit\u201c an. Dann wird ein \u00e4hnliches Szenario zu erleben sein, dass man k\u00fcrzlich beobachten konnte. Bernd M\u00fcller und Willi Fuchs, zwei der r\u00fchrigsten Vereinsmitglieder, hatten einen der beiden \u00d6fen im Backhaus angeheizt und f\u00fcr die richtige Hitze gesorgt. Der Vereinsvorsitzende G\u00fcnther Weber griff zum \u201eBackschieber\u201c und verteilte ein Dutzend Hefekuchen auf den hei\u00dfen Steinen des Backofens.<\/p>\n\n\n\n<p>Die zahlreichen Apfel-, Streusel- und Butterlochskuchen gerieten hervorragend. Die Bleche waren in Haushalten von Familien aus Kirch-G\u00f6ns und Pohl-G\u00f6ns zubereitet worden. Ein besonderes Erlebnis war das Backen von Sauerteigbroten. Gerda und Simone Eckhard hatten die Laibe geformt, die beim Ausbacken eine herzhafte dunkle Kruste erhalten. Am Freitag, 6. April, sind wieder Ferienkinder aus Butzbach und Umgebung zu Gast beim Heimat- und Backhausverein. Dann werden im Backhaus K\u00f6stlichkeiten aus Teig gezaubert.<\/p>\n\n\n\n<p>Quelle und Bild: Butzbacher Zeitung \/ Anfang April 2001<\/p>\n\n\n\n<figure class=\"wp-block-image size-full\"><img loading=\"lazy\" decoding=\"async\" width=\"522\" height=\"710\" src=\"http:\/\/875jahrekirchgoens.de\/wp-content\/uploads\/2024\/05\/Backhaus-Bild1.jpg\" alt=\"\" class=\"wp-image-15513\" srcset=\"http:\/\/875jahrekirchgoens.de\/wp-content\/uploads\/2024\/05\/Backhaus-Bild1.jpg 522w, http:\/\/875jahrekirchgoens.de\/wp-content\/uploads\/2024\/05\/Backhaus-Bild1-221x300.jpg 221w\" sizes=\"auto, (max-width: 522px) 100vw, 522px\" \/><\/figure>\n","protected":false},"excerpt":{"rendered":"<p>Der Heimat- und Backhausverein bietet am Samstag, 7. April 2001, wieder sein beliebtes \u201eBacken f\u00fcr die Allgemeinheit\u201c an. Dann wird ein \u00e4hnliches Szenario zu erleben sein, dass man k\u00fcrzlich beobachten konnte. Bernd M\u00fcller und Willi Fuchs, zwei der r\u00fchrigsten Vereinsmitglieder, hatten einen der beiden \u00d6fen im Backhaus angeheizt und f\u00fcr die richtige Hitze gesorgt. Der &#8230; <a title=\"Backen f\u00fcr die Allgemeinheit\" class=\"read-more\" href=\"http:\/\/875jahrekirchgoens.de\/?p=15512\" aria-label=\"Mehr Informationen \u00fcber Backen f\u00fcr die Allgemeinheit\">Weiterlesen<\/a><\/p>\n","protected":false},"author":1,"featured_media":0,"comment_status":"closed","ping_status":"open","sticky":false,"template":"","format":"standard","meta":{"footnotes":""},"categories":[1],"tags":[],"class_list":["post-15512","post","type-post","status-publish","format-standard","hentry","category-infos"],"_links":{"self":[{"href":"http:\/\/875jahrekirchgoens.de\/index.php?rest_route=\/wp\/v2\/posts\/15512","targetHints":{"allow":["GET"]}}],"collection":[{"href":"http:\/\/875jahrekirchgoens.de\/index.php?rest_route=\/wp\/v2\/posts"}],"about":[{"href":"http:\/\/875jahrekirchgoens.de\/index.php?rest_route=\/wp\/v2\/types\/post"}],"author":[{"embeddable":true,"href":"http:\/\/875jahrekirchgoens.de\/index.php?rest_route=\/wp\/v2\/users\/1"}],"replies":[{"embeddable":true,"href":"http:\/\/875jahrekirchgoens.de\/index.php?rest_route=%2Fwp%2Fv2%2Fcomments&post=15512"}],"version-history":[{"count":1,"href":"http:\/\/875jahrekirchgoens.de\/index.php?rest_route=\/wp\/v2\/posts\/15512\/revisions"}],"predecessor-version":[{"id":15514,"href":"http:\/\/875jahrekirchgoens.de\/index.php?rest_route=\/wp\/v2\/posts\/15512\/revisions\/15514"}],"wp:attachment":[{"href":"http:\/\/875jahrekirchgoens.de\/index.php?rest_route=%2Fwp%2Fv2%2Fmedia&parent=15512"}],"wp:term":[{"taxonomy":"category","embeddable":true,"href":"http:\/\/875jahrekirchgoens.de\/index.php?rest_route=%2Fwp%2Fv2%2Fcategories&post=15512"},{"taxonomy":"post_tag","embeddable":true,"href":"http:\/\/875jahrekirchgoens.de\/index.php?rest_route=%2Fwp%2Fv2%2Ftags&post=15512"}],"curies":[{"name":"wp","href":"https:\/\/api.w.org\/{rel}","templated":true}]}}