{"id":15529,"date":"2024-06-01T13:04:01","date_gmt":"2024-06-01T13:04:01","guid":{"rendered":"http:\/\/875jahrekirchgoens.de\/?p=15529"},"modified":"2024-06-02T13:05:02","modified_gmt":"2024-06-02T13:05:02","slug":"875-kirch-goenser-innen-auf-dem-sportplatz","status":"publish","type":"post","link":"http:\/\/875jahrekirchgoens.de\/?p=15529","title":{"rendered":"875 Kirch-G\u00f6nser\/innen auf dem Sportplatz"},"content":{"rendered":"\n<p>(Mz.) Im Zuge der Vorbereitungen f\u00fcr die 875-Jahrfeier von Kirch-G\u00f6ns im Jahre 2025 bereitet die Interessengemeinschaft derzeit ein Kirch-G\u00f6nser Highlight f\u00fcr Ende August 2024 vor. Die stolze Anzahl von 875 Kirch-G\u00f6nser und Kirch-G\u00f6nserinnen sollen die symbolischen Zahlen in menschlicher Form am Samstag, 31. August 2024, stellen. Egal ob jung oder alt, alle Kirch-G\u00f6nser\/innen sind eingeladen. Geplant ist, dass um ca. 15.00\/15.15 Uhr eine Fotoaufnahme mittels Drohne erfolgt. Zur Registrierung bittet die IG bereits um 13.30 Uhr anwesend zu sein. F\u00fcr das leibliche Wohl wird gesorgt. Aus Nachhaltigkeitsgr\u00fcnden wird eine Getr\u00e4nkeausgabe nur in Flaschenform erfolgen. Ferner werden die angebotenen W\u00fcrstchen nur in Br\u00f6tchen ausgegeben. Auf eine Papptellerausgabe der W\u00fcrstchen wird verzichtet. \u201eWir wollen den Umweltgedanken demonstrieren\u201c, so berichtete die IG-Nachhaltigkeitsbeauftragte Alexandra Miebs. Getr\u00e4nke (Euro 1,-) und W\u00fcrstchen (Euro 2,-) werden angeboten. Symbolisch werden 87,5 Cent an die IG entrichtet und die restlichen 12,5 Cent pro Getr\u00e4nk spendet die IG zum gegebenen Zeitpunkt an eine \u00f6rtliche gemeinn\u00fctzige Einrichtung. Die IG Kirch-G\u00f6ns freut sich aber auch \u00fcber separate Spenden f\u00fcr die Vorbereitungen zu dem Event in 2025. Unter der Bankverbindung DE65 5186 1403 0000 2867 61 k\u00f6nnen Zuwendungen erfolgen. F\u00fcr das gesellige Vergn\u00fcgen hat die IG eingeplant, dass f\u00fcr die \u201eKleinsten der Kleinen\u201c eine gro\u00dfe H\u00fcpfburg zur Verf\u00fcgung steht. Der Musikzug der Freiwilligen Feuerwehr Butzbach\/Kirch-G\u00f6ns hat sich angek\u00fcndigt und wird aufspielen. Ebenfalls wird sich der Kirch-G\u00f6nser Gospelchor \u201eLet it Shine\u201c pr\u00e4sentieren. Bereits jetzt sollte man sich den Termin vormerken, denn dieses Event wird einmalig f\u00fcr den n\u00f6rdlichsten Stadtteil von Butzbach sein. Auch weggezogene Kirch-G\u00f6nser\/innen sind gerne an diesem Tag am Sportplatz gesehen und k\u00f6nnen sich mit ablichten lassen. Die IG freut sich auf viele Teilnehmer\/innen und l\u00e4dt zum anschlie\u00dfenden Verweilen auf dem Kirch-G\u00f6nser Sportplatz bis 18.00 Uhr ein. Ein Fahrdienst ist ebenfalls geplant. Im Vorfeld kann bereits jetzt unter <a href=\"http:\/\/www.875jahrekirchgoens.de\">www.875jahrekirchgoens.de<\/a> eine Anmeldung zu der Veranstaltung vorgenommen werden. Zum gegebenen Zeitpunkt wird die IG \u00fcber weitere Details berichten.<\/p>\n\n\n\n<figure class=\"wp-block-image size-large\"><img loading=\"lazy\" decoding=\"async\" width=\"1024\" height=\"1024\" src=\"http:\/\/875jahrekirchgoens.de\/wp-content\/uploads\/2024\/06\/Flashmob-875-quadrat-1024x1024.jpg\" alt=\"\" class=\"wp-image-15530\" srcset=\"http:\/\/875jahrekirchgoens.de\/wp-content\/uploads\/2024\/06\/Flashmob-875-quadrat-1024x1024.jpg 1024w, http:\/\/875jahrekirchgoens.de\/wp-content\/uploads\/2024\/06\/Flashmob-875-quadrat-300x300.jpg 300w, http:\/\/875jahrekirchgoens.de\/wp-content\/uploads\/2024\/06\/Flashmob-875-quadrat-150x150.jpg 150w, http:\/\/875jahrekirchgoens.de\/wp-content\/uploads\/2024\/06\/Flashmob-875-quadrat-768x768.jpg 768w, http:\/\/875jahrekirchgoens.de\/wp-content\/uploads\/2024\/06\/Flashmob-875-quadrat.jpg 1080w\" sizes=\"auto, (max-width: 1024px) 100vw, 1024px\" \/><\/figure>\n","protected":false},"excerpt":{"rendered":"<p>(Mz.) Im Zuge der Vorbereitungen f\u00fcr die 875-Jahrfeier von Kirch-G\u00f6ns im Jahre 2025 bereitet die Interessengemeinschaft derzeit ein Kirch-G\u00f6nser Highlight f\u00fcr Ende August 2024 vor. Die stolze Anzahl von 875 Kirch-G\u00f6nser und Kirch-G\u00f6nserinnen sollen die symbolischen Zahlen in menschlicher Form am Samstag, 31. August 2024, stellen. Egal ob jung oder alt, alle Kirch-G\u00f6nser\/innen sind eingeladen. &#8230; <a title=\"875 Kirch-G\u00f6nser\/innen auf dem Sportplatz\" class=\"read-more\" href=\"http:\/\/875jahrekirchgoens.de\/?p=15529\" aria-label=\"Mehr Informationen \u00fcber 875 Kirch-G\u00f6nser\/innen auf dem Sportplatz\">Weiterlesen<\/a><\/p>\n","protected":false},"author":1,"featured_media":0,"comment_status":"closed","ping_status":"open","sticky":false,"template":"","format":"standard","meta":{"footnotes":""},"categories":[1],"tags":[],"class_list":["post-15529","post","type-post","status-publish","format-standard","hentry","category-infos"],"_links":{"self":[{"href":"http:\/\/875jahrekirchgoens.de\/index.php?rest_route=\/wp\/v2\/posts\/15529","targetHints":{"allow":["GET"]}}],"collection":[{"href":"http:\/\/875jahrekirchgoens.de\/index.php?rest_route=\/wp\/v2\/posts"}],"about":[{"href":"http:\/\/875jahrekirchgoens.de\/index.php?rest_route=\/wp\/v2\/types\/post"}],"author":[{"embeddable":true,"href":"http:\/\/875jahrekirchgoens.de\/index.php?rest_route=\/wp\/v2\/users\/1"}],"replies":[{"embeddable":true,"href":"http:\/\/875jahrekirchgoens.de\/index.php?rest_route=%2Fwp%2Fv2%2Fcomments&post=15529"}],"version-history":[{"count":1,"href":"http:\/\/875jahrekirchgoens.de\/index.php?rest_route=\/wp\/v2\/posts\/15529\/revisions"}],"predecessor-version":[{"id":15531,"href":"http:\/\/875jahrekirchgoens.de\/index.php?rest_route=\/wp\/v2\/posts\/15529\/revisions\/15531"}],"wp:attachment":[{"href":"http:\/\/875jahrekirchgoens.de\/index.php?rest_route=%2Fwp%2Fv2%2Fmedia&parent=15529"}],"wp:term":[{"taxonomy":"category","embeddable":true,"href":"http:\/\/875jahrekirchgoens.de\/index.php?rest_route=%2Fwp%2Fv2%2Fcategories&post=15529"},{"taxonomy":"post_tag","embeddable":true,"href":"http:\/\/875jahrekirchgoens.de\/index.php?rest_route=%2Fwp%2Fv2%2Ftags&post=15529"}],"curies":[{"name":"wp","href":"https:\/\/api.w.org\/{rel}","templated":true}]}}