{"id":15541,"date":"2024-05-28T13:12:44","date_gmt":"2024-05-28T13:12:44","guid":{"rendered":"http:\/\/875jahrekirchgoens.de\/?p=15541"},"modified":"2024-06-02T13:13:28","modified_gmt":"2024-06-02T13:13:28","slug":"frass-der-t-rex-vielleicht-nur-aas","status":"publish","type":"post","link":"http:\/\/875jahrekirchgoens.de\/?p=15541","title":{"rendered":"Fra\u00df der T-Rex vielleicht nur Aas?"},"content":{"rendered":"\n<p>Mit dieser und anderen Fragen besch\u00e4ftigten sich die Sch\u00fcler aus der 1. Klasse der G\u00f6nser-Grund-Schule (GGS) letzte Woche bei einem Ausflug zum Senckenbergmuseum in Frankfurt. Im Schulunterricht behandeln die Erstkl\u00e4ssler gerade das Thema Z\u00e4hne und so bekamen sie eine Spezialf\u00fchrung zu diesem Thema im Frankfurter Senckenbergmuseum. Anhand der unterschiedlichen Z\u00e4hne wurde den Kindern n\u00e4hergebracht, was die Tiere mit diesen fressen konnten, wof\u00fcr sie die Z\u00e4hne noch verwendet haben oder dass so ein T-Rex gar kein Zahnarzt gebraucht hat, weil ihm sein Leben lang neue Z\u00e4hne gewachsen sind. Auch gibt es die \u00dcberlegung der Forscher, dass der gro\u00dfe Dinosaurier vielleicht sich gar nicht die M\u00fche gemacht hat selbst zu jagen, sondern nur tote Tiere gefressen hat, denn so fest haben seine Z\u00e4hne gar nicht im Kiefer gesessen. Ganz erstaunt waren die Sch\u00fcler auch dar\u00fcber, dass V\u00f6gel fr\u00fcher, zur Zeit der Dinosaurier noch Z\u00e4hne im Schnabel hatten. Es gab also viel Interessantes zu erfahren und die Sch\u00fcler waren ganz begeistert, als sie noch einen Stein in der Mineraliensammlung des Senckenbergmuseums gezeigt bekamen, aus dem unsere Z\u00e4hne haupts\u00e4chlich bestehen. Ein sehr interessanter Vormittag, \u00fcber den, auf dem Weg zum Bahnhof f\u00fcr die Heimreise nach Kirch-G\u00f6ns, noch viel geredet wurde.<\/p>\n\n\n\n<p>Quelle und Bild: Butzbacher Zeitung vom 28. Mai 2024<\/p>\n\n\n\n<figure class=\"wp-block-image size-full\"><img loading=\"lazy\" decoding=\"async\" width=\"387\" height=\"247\" src=\"http:\/\/875jahrekirchgoens.de\/wp-content\/uploads\/2024\/06\/TREX-Bild1.png\" alt=\"\" class=\"wp-image-15542\" srcset=\"http:\/\/875jahrekirchgoens.de\/wp-content\/uploads\/2024\/06\/TREX-Bild1.png 387w, http:\/\/875jahrekirchgoens.de\/wp-content\/uploads\/2024\/06\/TREX-Bild1-300x191.png 300w\" sizes=\"auto, (max-width: 387px) 100vw, 387px\" \/><\/figure>\n","protected":false},"excerpt":{"rendered":"<p>Mit dieser und anderen Fragen besch\u00e4ftigten sich die Sch\u00fcler aus der 1. Klasse der G\u00f6nser-Grund-Schule (GGS) letzte Woche bei einem Ausflug zum Senckenbergmuseum in Frankfurt. Im Schulunterricht behandeln die Erstkl\u00e4ssler gerade das Thema Z\u00e4hne und so bekamen sie eine Spezialf\u00fchrung zu diesem Thema im Frankfurter Senckenbergmuseum. Anhand der unterschiedlichen Z\u00e4hne wurde den Kindern n\u00e4hergebracht, was &#8230; <a title=\"Fra\u00df der T-Rex vielleicht nur Aas?\" class=\"read-more\" href=\"http:\/\/875jahrekirchgoens.de\/?p=15541\" aria-label=\"Mehr Informationen \u00fcber Fra\u00df der T-Rex vielleicht nur Aas?\">Weiterlesen<\/a><\/p>\n","protected":false},"author":1,"featured_media":0,"comment_status":"closed","ping_status":"open","sticky":false,"template":"","format":"standard","meta":{"footnotes":""},"categories":[1],"tags":[],"class_list":["post-15541","post","type-post","status-publish","format-standard","hentry","category-infos"],"_links":{"self":[{"href":"http:\/\/875jahrekirchgoens.de\/index.php?rest_route=\/wp\/v2\/posts\/15541","targetHints":{"allow":["GET"]}}],"collection":[{"href":"http:\/\/875jahrekirchgoens.de\/index.php?rest_route=\/wp\/v2\/posts"}],"about":[{"href":"http:\/\/875jahrekirchgoens.de\/index.php?rest_route=\/wp\/v2\/types\/post"}],"author":[{"embeddable":true,"href":"http:\/\/875jahrekirchgoens.de\/index.php?rest_route=\/wp\/v2\/users\/1"}],"replies":[{"embeddable":true,"href":"http:\/\/875jahrekirchgoens.de\/index.php?rest_route=%2Fwp%2Fv2%2Fcomments&post=15541"}],"version-history":[{"count":1,"href":"http:\/\/875jahrekirchgoens.de\/index.php?rest_route=\/wp\/v2\/posts\/15541\/revisions"}],"predecessor-version":[{"id":15543,"href":"http:\/\/875jahrekirchgoens.de\/index.php?rest_route=\/wp\/v2\/posts\/15541\/revisions\/15543"}],"wp:attachment":[{"href":"http:\/\/875jahrekirchgoens.de\/index.php?rest_route=%2Fwp%2Fv2%2Fmedia&parent=15541"}],"wp:term":[{"taxonomy":"category","embeddable":true,"href":"http:\/\/875jahrekirchgoens.de\/index.php?rest_route=%2Fwp%2Fv2%2Fcategories&post=15541"},{"taxonomy":"post_tag","embeddable":true,"href":"http:\/\/875jahrekirchgoens.de\/index.php?rest_route=%2Fwp%2Fv2%2Ftags&post=15541"}],"curies":[{"name":"wp","href":"https:\/\/api.w.org\/{rel}","templated":true}]}}