{"id":15545,"date":"2024-05-18T13:14:53","date_gmt":"2024-05-18T13:14:53","guid":{"rendered":"http:\/\/875jahrekirchgoens.de\/?p=15545"},"modified":"2024-06-02T13:15:43","modified_gmt":"2024-06-02T13:15:43","slug":"let-it-shine-laedt-ein-zum-weinfest","status":"publish","type":"post","link":"http:\/\/875jahrekirchgoens.de\/?p=15545","title":{"rendered":"Let it Shine l\u00e4dt ein zum Weinfest"},"content":{"rendered":"\n<p>Am Samstag, 25. Mai, feiert der Gospelchor \u201eLet it Shine\u201c des Gesangsvereins Kirch-G\u00f6ns zum dritten Mal ein Weinfest in Kirch-G\u00f6ns. Darauf weist die Vorsitzende des Vereins, Claudia Laiacker, hin. Dieses Jahr startet das Fest um 16 Uhr. Rund um B\u00fcrgerhaus, Kirche und Backhaus wird im Freien gefeiert und gesungen. Unter der Leitung der temperamentvollen Dirigentin Theresa Heinz wird der Chor in zwei Kurz-Konzerten um 17 und um 19 Uhr das breite Repertoire des Gospelchores zeigen. Mit diversen Weinen sowie anderen Getr\u00e4nken und dazu passenden Speisen laden alle S\u00e4ngerinnen und S\u00e4nger zum Verweilen und zum Feiern ein. Unter dem Motto \u201eWir brennen f\u00fcrs Singen\u201c wird der Chor auch dieses Jahr die G\u00e4ste und Zuh\u00f6rer \u00fcberzeugen, dass das Feuer f\u00fcr die Musik, f\u00fcr das Singen und f\u00fcr die Geselligkeit unver\u00e4ndert brennt, so Laiacker. Alle G\u00e4ste sind eingeladen, sich selbst davon zu \u00fcberzeugen, und zusammen einen abwechslungsreichen, unterhaltsamen und fr\u00f6hlichen Abend zu verbringen, unterstreicht die Vorsitzende. Die S\u00e4ngerinnen und S\u00e4nger freuten sich auf ein sch\u00f6nes Fest und zahlreiche Besucher.<\/p>\n\n\n\n<p>Quelle und Bild: Butzbacher Zeitung vom 18. Mai 2024<\/p>\n\n\n\n<figure class=\"wp-block-image size-full\"><img loading=\"lazy\" decoding=\"async\" width=\"307\" height=\"248\" src=\"http:\/\/875jahrekirchgoens.de\/wp-content\/uploads\/2024\/06\/Let-it-shine-2-Bild1.png\" alt=\"\" class=\"wp-image-15546\" srcset=\"http:\/\/875jahrekirchgoens.de\/wp-content\/uploads\/2024\/06\/Let-it-shine-2-Bild1.png 307w, http:\/\/875jahrekirchgoens.de\/wp-content\/uploads\/2024\/06\/Let-it-shine-2-Bild1-300x242.png 300w\" sizes=\"auto, (max-width: 307px) 100vw, 307px\" \/><\/figure>\n","protected":false},"excerpt":{"rendered":"<p>Am Samstag, 25. Mai, feiert der Gospelchor \u201eLet it Shine\u201c des Gesangsvereins Kirch-G\u00f6ns zum dritten Mal ein Weinfest in Kirch-G\u00f6ns. Darauf weist die Vorsitzende des Vereins, Claudia Laiacker, hin. Dieses Jahr startet das Fest um 16 Uhr. Rund um B\u00fcrgerhaus, Kirche und Backhaus wird im Freien gefeiert und gesungen. Unter der Leitung der temperamentvollen Dirigentin &#8230; <a title=\"Let it Shine l\u00e4dt ein zum Weinfest\" class=\"read-more\" href=\"http:\/\/875jahrekirchgoens.de\/?p=15545\" aria-label=\"Mehr Informationen \u00fcber Let it Shine l\u00e4dt ein zum Weinfest\">Weiterlesen<\/a><\/p>\n","protected":false},"author":1,"featured_media":0,"comment_status":"closed","ping_status":"open","sticky":false,"template":"","format":"standard","meta":{"footnotes":""},"categories":[1],"tags":[],"class_list":["post-15545","post","type-post","status-publish","format-standard","hentry","category-infos"],"_links":{"self":[{"href":"http:\/\/875jahrekirchgoens.de\/index.php?rest_route=\/wp\/v2\/posts\/15545","targetHints":{"allow":["GET"]}}],"collection":[{"href":"http:\/\/875jahrekirchgoens.de\/index.php?rest_route=\/wp\/v2\/posts"}],"about":[{"href":"http:\/\/875jahrekirchgoens.de\/index.php?rest_route=\/wp\/v2\/types\/post"}],"author":[{"embeddable":true,"href":"http:\/\/875jahrekirchgoens.de\/index.php?rest_route=\/wp\/v2\/users\/1"}],"replies":[{"embeddable":true,"href":"http:\/\/875jahrekirchgoens.de\/index.php?rest_route=%2Fwp%2Fv2%2Fcomments&post=15545"}],"version-history":[{"count":1,"href":"http:\/\/875jahrekirchgoens.de\/index.php?rest_route=\/wp\/v2\/posts\/15545\/revisions"}],"predecessor-version":[{"id":15547,"href":"http:\/\/875jahrekirchgoens.de\/index.php?rest_route=\/wp\/v2\/posts\/15545\/revisions\/15547"}],"wp:attachment":[{"href":"http:\/\/875jahrekirchgoens.de\/index.php?rest_route=%2Fwp%2Fv2%2Fmedia&parent=15545"}],"wp:term":[{"taxonomy":"category","embeddable":true,"href":"http:\/\/875jahrekirchgoens.de\/index.php?rest_route=%2Fwp%2Fv2%2Fcategories&post=15545"},{"taxonomy":"post_tag","embeddable":true,"href":"http:\/\/875jahrekirchgoens.de\/index.php?rest_route=%2Fwp%2Fv2%2Ftags&post=15545"}],"curies":[{"name":"wp","href":"https:\/\/api.w.org\/{rel}","templated":true}]}}