{"id":15558,"date":"2024-07-02T09:56:40","date_gmt":"2024-07-02T09:56:40","guid":{"rendered":"http:\/\/875jahrekirchgoens.de\/?p=15558"},"modified":"2024-07-02T09:56:40","modified_gmt":"2024-07-02T09:56:40","slug":"neuer-willkommensgruss-in-kirch-goens","status":"publish","type":"post","link":"http:\/\/875jahrekirchgoens.de\/?p=15558","title":{"rendered":"Neuer Willkommensgru\u00df in Kirch-G\u00f6ns"},"content":{"rendered":"\n<p>(Mz.) In einer Initiative der Interessengemeinschaft der Kirch-G\u00f6nser Vereine und Gruppierungen, vertreten durch den Bauausschuss, wurden die verwitterten Aufsteller f\u00fcr die Ortseingangstafeln (aus Richtung Pohl-G\u00f6ns und aus Richtung Langg\u00f6ns kommend) teils restauriert bzw. erneuert. Der Dorfeingangsgru\u00df mit G\u00f6nsi wurde mit den Jubil\u00e4umszahlen 1150 \u2013 2025 erg\u00e4nzt und weist somit auf die 875-Jahr-Feier im kommenden Jahr hin. Die Ortseingangstafel am Friedhof wird zu einem sp\u00e4teren Zeitpunkt erneuert werden. Ein gro\u00dfes Dankesch\u00f6n richtete der IG-Bauausschuss an den Inhaber des ortsans\u00e4ssigen Dachdecker-\/Bedachungsgesch\u00e4ft Frank Will, welcher das Geb\u00e4lk zur Erneuerung spendete. Die neuen Schilder hei\u00dfen nicht nur herzlich willkommen, sondern bieten auch wie zuvor den \u00f6rtlichen Vereinen die M\u00f6glichkeit, mit eigenen Werbeschildern zu kommenden \u00f6ffentlichen Veranstaltungen, wie z. B. das Event am Samstag, 31. August 2024, mit 875 Kirch-G\u00f6nsern und Kirch-G\u00f6nserinnen auf dem Kirch-G\u00f6nser Sportplatz, welche die symbolische Zahl 875 bilden sollen, aufmerksam zu machen.<\/p>\n\n\n\n<figure class=\"wp-block-image size-large\"><img loading=\"lazy\" decoding=\"async\" width=\"1024\" height=\"768\" src=\"http:\/\/875jahrekirchgoens.de\/wp-content\/uploads\/2024\/07\/2024-06-18.06.2024-Willkommensgruss-Aufnahme-1024x768.jpeg\" alt=\"Mitglieder des IG-Bauauschusses bei der Errichtung des renovierten Dorfeingangschildes von Kirch-G\u00f6ns v. l.: Felix Maiwald, Michael Raschke, Spender Frank Will, Uwe Hartmann und Mario Wilhelm. Auf der Aufnahme fehlt Michael Ronde, der mit schwerem Arbeitsger\u00e4t die Aufstellung des Willkommensgru\u00dfes erm\u00f6glichte. \n\n\" class=\"wp-image-15559\" srcset=\"http:\/\/875jahrekirchgoens.de\/wp-content\/uploads\/2024\/07\/2024-06-18.06.2024-Willkommensgruss-Aufnahme-1024x768.jpeg 1024w, http:\/\/875jahrekirchgoens.de\/wp-content\/uploads\/2024\/07\/2024-06-18.06.2024-Willkommensgruss-Aufnahme-300x225.jpeg 300w, http:\/\/875jahrekirchgoens.de\/wp-content\/uploads\/2024\/07\/2024-06-18.06.2024-Willkommensgruss-Aufnahme-768x576.jpeg 768w, http:\/\/875jahrekirchgoens.de\/wp-content\/uploads\/2024\/07\/2024-06-18.06.2024-Willkommensgruss-Aufnahme-1536x1152.jpeg 1536w, http:\/\/875jahrekirchgoens.de\/wp-content\/uploads\/2024\/07\/2024-06-18.06.2024-Willkommensgruss-Aufnahme.jpeg 2048w\" sizes=\"auto, (max-width: 1024px) 100vw, 1024px\" \/><\/figure>\n","protected":false},"excerpt":{"rendered":"<p>(Mz.) In einer Initiative der Interessengemeinschaft der Kirch-G\u00f6nser Vereine und Gruppierungen, vertreten durch den Bauausschuss, wurden die verwitterten Aufsteller f\u00fcr die Ortseingangstafeln (aus Richtung Pohl-G\u00f6ns und aus Richtung Langg\u00f6ns kommend) teils restauriert bzw. erneuert. Der Dorfeingangsgru\u00df mit G\u00f6nsi wurde mit den Jubil\u00e4umszahlen 1150 \u2013 2025 erg\u00e4nzt und weist somit auf die 875-Jahr-Feier im kommenden Jahr &#8230; <a title=\"Neuer Willkommensgru\u00df in Kirch-G\u00f6ns\" class=\"read-more\" href=\"http:\/\/875jahrekirchgoens.de\/?p=15558\" aria-label=\"Mehr Informationen \u00fcber Neuer Willkommensgru\u00df in Kirch-G\u00f6ns\">Weiterlesen<\/a><\/p>\n","protected":false},"author":1,"featured_media":0,"comment_status":"closed","ping_status":"open","sticky":false,"template":"","format":"standard","meta":{"footnotes":""},"categories":[1],"tags":[],"class_list":["post-15558","post","type-post","status-publish","format-standard","hentry","category-infos"],"_links":{"self":[{"href":"http:\/\/875jahrekirchgoens.de\/index.php?rest_route=\/wp\/v2\/posts\/15558","targetHints":{"allow":["GET"]}}],"collection":[{"href":"http:\/\/875jahrekirchgoens.de\/index.php?rest_route=\/wp\/v2\/posts"}],"about":[{"href":"http:\/\/875jahrekirchgoens.de\/index.php?rest_route=\/wp\/v2\/types\/post"}],"author":[{"embeddable":true,"href":"http:\/\/875jahrekirchgoens.de\/index.php?rest_route=\/wp\/v2\/users\/1"}],"replies":[{"embeddable":true,"href":"http:\/\/875jahrekirchgoens.de\/index.php?rest_route=%2Fwp%2Fv2%2Fcomments&post=15558"}],"version-history":[{"count":1,"href":"http:\/\/875jahrekirchgoens.de\/index.php?rest_route=\/wp\/v2\/posts\/15558\/revisions"}],"predecessor-version":[{"id":15560,"href":"http:\/\/875jahrekirchgoens.de\/index.php?rest_route=\/wp\/v2\/posts\/15558\/revisions\/15560"}],"wp:attachment":[{"href":"http:\/\/875jahrekirchgoens.de\/index.php?rest_route=%2Fwp%2Fv2%2Fmedia&parent=15558"}],"wp:term":[{"taxonomy":"category","embeddable":true,"href":"http:\/\/875jahrekirchgoens.de\/index.php?rest_route=%2Fwp%2Fv2%2Fcategories&post=15558"},{"taxonomy":"post_tag","embeddable":true,"href":"http:\/\/875jahrekirchgoens.de\/index.php?rest_route=%2Fwp%2Fv2%2Ftags&post=15558"}],"curies":[{"name":"wp","href":"https:\/\/api.w.org\/{rel}","templated":true}]}}