{"id":15562,"date":"2024-06-24T13:47:00","date_gmt":"2024-06-24T13:47:00","guid":{"rendered":"http:\/\/875jahrekirchgoens.de\/?p=15562"},"modified":"2024-07-02T13:50:42","modified_gmt":"2024-07-02T13:50:42","slug":"unser-dorf-hat-zukunft","status":"publish","type":"post","link":"http:\/\/875jahrekirchgoens.de\/?p=15562","title":{"rendered":"Unser Dorf hat Zukunft"},"content":{"rendered":"\n<p><em>Kirch-G\u00f6ns nimmt am Landeswettbewerb teil<\/em><\/p>\n\n\n\n<p>(Mz.) Mit dem Wettbewerb des hessischen Ministeriums f\u00fcr Landwirtschaft und Umwelt, Weinbau, Forsten, Jagd und Heimat zu der Ausschreibung \u201eUnser Dorf hat Zukunft\u201c werden das Engagement der B\u00fcrgerinnen und B\u00fcrger sowie herausragende Ideen und Projekte zur zukunftsf\u00e4higen Entwicklung der hessischen D\u00f6rfer herausgestellt. Der Dorfwettbewerb lebt vom gemeinsamen Handeln der Menschen. Zur Teilnahme an dieser Ausschreibung hatte sich hierf\u00fcr der Vorstand der Interessengemeinschaft der Kirch-G\u00f6nser Vereine und Gruppierungen beim Ortsbeirat stark gemacht und um Teilnahme gebeten. Ziel ist es, dass Dorfgemeinschaften ihre Chancen erkennen und die Zukunft ihres Dorfes in die eigenen H\u00e4nde nehmen. Der Wettbewerb soll f\u00fcr alle Beteiligten ein Anreiz sein, die Lebensqualit\u00e4t im Dorf zu verbessern und zu einer lebenswerten Zukunft f\u00fcr die nachfolgende Generation beizutragen. Pr\u00e4miert werden innovative Ideen und Projekte, die das Leben in D\u00f6rfern attraktiv gestalten sowie das Engagement der Dorfgemeinschaft insgesamt. Im Wettbewerb zeigen die Menschen vor Ort, was sie bewegt und wie sie das Zusammenleben und das Miteinander in ihrem Dorf zukunftsf\u00e4hig gestalten. Bewertet werden alle Aspekte der Dorfentwicklung: soziale Einrichtungen rund um das Dorf, Kulturangebote und ein lebendiges Vereinsleben sowie eine attraktive und verantwortungsvolle Bau- und Gr\u00fcngestaltung oder wirtschaftliche Aspekte. Am vergangenen Freitag war es dann so weit, die Bewertungskommission stattete Kirch-G\u00f6ns vormittags einen Besuch ab und der gut vorbereitete Ortsvorsteher Stefan Euler und IG-Vorsitzender Michael Tiedemann konnten neben dem Schirmherrn zur 875-Jahr-Feier, William Thum, die acht Juroren im Kirch-G\u00f6nser B\u00fcrgerhaus begr\u00fc\u00dfen und mit einer Kurz-Pr\u00e4sentation \u00fcber verschiedene Projekte wie z. b.: Neubau H33, neuer Feuerwehrst\u00fctzpunkt, Vorbereitung zur 875-Jahrfeier in 2025, Nachhaltigkeit und ehrenamtliches Engagement im n\u00f6rdlichsten Stadtteil von Butzbach informieren. Es folgte mit einigen B\u00fcrgern- und B\u00fcrgerinnen aus Kirch-G\u00f6ns eine Befahrung- bzw. Begehung des Ortskerns mit historischen Geb\u00e4uden wie Backhaus und Kirche, sowie Grundschule. In der GGS wurde von der Schulleiterin Schliebener das Projekt Kinderrechte vorgestellt. Nach rund zweist\u00fcndigem Aufenthalt konnte die Kommission ihren Besuch abschlie\u00dfen. Gespannt sein kann man auf das Ergebnis des Regionalentscheides, haben sich hier doch f\u00fcnf Ortschaften um den Titel \u201eUnser Dorf hat Zukunft\u201c beworben. IG-Sprecher Tiedemann teilte mit: \u201eWir werden Anfang Juli\u201c mehr hierzu erfahren und warten mit Vorfreude auf die Entscheidung\u201c. Bleibt abzuwarten, wie sich die Kirch-G\u00f6nser schlagen.<\/p>\n\n\n\n<figure class=\"wp-block-gallery has-nested-images columns-default is-cropped wp-block-gallery-1 is-layout-flex wp-block-gallery-is-layout-flex\">\n<figure class=\"wp-block-image size-large\"><img loading=\"lazy\" decoding=\"async\" width=\"1024\" height=\"768\" data-id=\"15564\" src=\"http:\/\/875jahrekirchgoens.de\/wp-content\/uploads\/2024\/07\/image0-1024x768.jpeg\" alt=\"\" class=\"wp-image-15564\" srcset=\"http:\/\/875jahrekirchgoens.de\/wp-content\/uploads\/2024\/07\/image0-1024x768.jpeg 1024w, http:\/\/875jahrekirchgoens.de\/wp-content\/uploads\/2024\/07\/image0-300x225.jpeg 300w, http:\/\/875jahrekirchgoens.de\/wp-content\/uploads\/2024\/07\/image0-768x576.jpeg 768w, http:\/\/875jahrekirchgoens.de\/wp-content\/uploads\/2024\/07\/image0-1536x1152.jpeg 1536w, http:\/\/875jahrekirchgoens.de\/wp-content\/uploads\/2024\/07\/image0.jpeg 2000w\" sizes=\"auto, (max-width: 1024px) 100vw, 1024px\" \/><\/figure>\n\n\n\n<figure class=\"wp-block-image size-large\"><img loading=\"lazy\" decoding=\"async\" width=\"1024\" height=\"768\" data-id=\"15563\" src=\"http:\/\/875jahrekirchgoens.de\/wp-content\/uploads\/2024\/07\/image1-1024x768.jpeg\" alt=\"\" class=\"wp-image-15563\" srcset=\"http:\/\/875jahrekirchgoens.de\/wp-content\/uploads\/2024\/07\/image1-1024x768.jpeg 1024w, http:\/\/875jahrekirchgoens.de\/wp-content\/uploads\/2024\/07\/image1-300x225.jpeg 300w, http:\/\/875jahrekirchgoens.de\/wp-content\/uploads\/2024\/07\/image1-768x576.jpeg 768w, http:\/\/875jahrekirchgoens.de\/wp-content\/uploads\/2024\/07\/image1-1536x1152.jpeg 1536w, http:\/\/875jahrekirchgoens.de\/wp-content\/uploads\/2024\/07\/image1.jpeg 2000w\" sizes=\"auto, (max-width: 1024px) 100vw, 1024px\" \/><\/figure>\n<\/figure>\n","protected":false},"excerpt":{"rendered":"<p>Kirch-G\u00f6ns nimmt am Landeswettbewerb teil (Mz.) Mit dem Wettbewerb des hessischen Ministeriums f\u00fcr Landwirtschaft und Umwelt, Weinbau, Forsten, Jagd und Heimat zu der Ausschreibung \u201eUnser Dorf hat Zukunft\u201c werden das Engagement der B\u00fcrgerinnen und B\u00fcrger sowie herausragende Ideen und Projekte zur zukunftsf\u00e4higen Entwicklung der hessischen D\u00f6rfer herausgestellt. Der Dorfwettbewerb lebt vom gemeinsamen Handeln der Menschen. &#8230; <a title=\"Unser Dorf hat Zukunft\" class=\"read-more\" href=\"http:\/\/875jahrekirchgoens.de\/?p=15562\" aria-label=\"Mehr Informationen \u00fcber Unser Dorf hat Zukunft\">Weiterlesen<\/a><\/p>\n","protected":false},"author":1,"featured_media":0,"comment_status":"closed","ping_status":"open","sticky":false,"template":"","format":"standard","meta":{"footnotes":""},"categories":[1],"tags":[],"class_list":["post-15562","post","type-post","status-publish","format-standard","hentry","category-infos"],"_links":{"self":[{"href":"http:\/\/875jahrekirchgoens.de\/index.php?rest_route=\/wp\/v2\/posts\/15562","targetHints":{"allow":["GET"]}}],"collection":[{"href":"http:\/\/875jahrekirchgoens.de\/index.php?rest_route=\/wp\/v2\/posts"}],"about":[{"href":"http:\/\/875jahrekirchgoens.de\/index.php?rest_route=\/wp\/v2\/types\/post"}],"author":[{"embeddable":true,"href":"http:\/\/875jahrekirchgoens.de\/index.php?rest_route=\/wp\/v2\/users\/1"}],"replies":[{"embeddable":true,"href":"http:\/\/875jahrekirchgoens.de\/index.php?rest_route=%2Fwp%2Fv2%2Fcomments&post=15562"}],"version-history":[{"count":1,"href":"http:\/\/875jahrekirchgoens.de\/index.php?rest_route=\/wp\/v2\/posts\/15562\/revisions"}],"predecessor-version":[{"id":15565,"href":"http:\/\/875jahrekirchgoens.de\/index.php?rest_route=\/wp\/v2\/posts\/15562\/revisions\/15565"}],"wp:attachment":[{"href":"http:\/\/875jahrekirchgoens.de\/index.php?rest_route=%2Fwp%2Fv2%2Fmedia&parent=15562"}],"wp:term":[{"taxonomy":"category","embeddable":true,"href":"http:\/\/875jahrekirchgoens.de\/index.php?rest_route=%2Fwp%2Fv2%2Fcategories&post=15562"},{"taxonomy":"post_tag","embeddable":true,"href":"http:\/\/875jahrekirchgoens.de\/index.php?rest_route=%2Fwp%2Fv2%2Ftags&post=15562"}],"curies":[{"name":"wp","href":"https:\/\/api.w.org\/{rel}","templated":true}]}}