{"id":15567,"date":"2024-06-18T13:53:00","date_gmt":"2024-06-18T13:53:00","guid":{"rendered":"http:\/\/875jahrekirchgoens.de\/?p=15567"},"modified":"2024-07-02T13:56:28","modified_gmt":"2024-07-02T13:56:28","slug":"starke-stimme-im-norden","status":"publish","type":"post","link":"http:\/\/875jahrekirchgoens.de\/?p=15567","title":{"rendered":"Starke Stimme im Norden"},"content":{"rendered":"\n<p><em>CDU G\u00f6ns stellt sich f\u00fcr Kommunalwahl auf und w\u00e4hlt Vorstand<\/em><\/p>\n\n\n\n<p>J\u00fcngst fand im Alten Pfarrhaus in Pohl-G\u00f6ns die Mitgliederversammlung des CDU-Ortsverbandes \u201eG\u00f6ns\u201c statt, der die drei Stadtteile im Butzbacher Norden Kirch\u00adG\u00f6ns, Pohl-G\u00f6ns und Ebersg\u00f6ns umfasst. Der Ortsverbandsvorsitzende und Ortsvorsteher von\u00b7Ebersg\u00f6ns, Stefan H\u00f6chst, hie\u00df alle Teilnehmer zu der Mitgliederversammlung willkommen. Die Versammlung wurde von zahlreichen Mitgliedern der CDU besucht. H\u00f6chst freute sich besonders dar\u00fcber, dass der B\u00fcrgermeisterkandidat f\u00fcr die Stadt Butzbach, Sascha Huber, anwesend war und sich den Mitgliedern vorstellte. Das berichtet der Ortsverband in einer Pressemitteilung. Der Ortsverbandsvorsitzende blickte auf die vergangenen anderthalb Jahre seit Gr\u00fcndung des Ortsverbandes zur\u00fcck. Es fanden mehrere CDU-Stammtische statt, man nahm am Ortspokalschie\u00dfen teil und man beteilige sich rege an den vergangenen Wahlk\u00e4mpfen wie zum Beispiel vor der Landtagswahl. Der Mitgliederbeauftrage Nils Henkel erkl\u00e4rte in seinem Bericht, dass es ihn freue, dass man im Vorstand des Ortsverbands personell so stark aufgestellt sei, gerade f\u00fcr die kommenden Kommunalwahl, und der Fokus nun unter anderem auf der kommenden B\u00fcrgermeisterwahl am 10. November liege. B\u00fcrgermeisterkandidat Huber sagte, dass es nach 18 Jahren B\u00fcrgermeister Michael Merle (SPD) endlich Zeit sei f\u00fcr frischen Wind f\u00fcr Butzbach. Genau daf\u00fcr stehe er, gerade mit seiner beruflichen Kompetenz im Bereich Verwaltung. Nach dem Beschluss \u00fcber ein Vorstandsmodell fanden die Neuwahlen des Vorstandes statt. Die Spitze des Ortsverbandes wird zuk\u00fcnftig von Stefan H\u00f6chst als Vorsitzenden und Nils Henkel und Christiane Schimpf als stellvertretende Vorsitzende gestellt. H\u00f6chst ist Betriebsingenieur f\u00fcr Elektrotechnik, sehr mit dem Thema Landwirtschaft verbunden und Ortsvorsteher in Ebersg\u00f6ns. Der 24-j\u00e4hrige Kirch-G\u00f6nser Henkel ist von Beruf Jurist und Rechtsreferendar und befindet sich in den letzten Z\u00fcgen seiner Ausbildung. Er ist ehrenamtlich sehr aktiv in der Feuerwehr Kirch-G\u00f6ns, dem \u00f6rtlichen Musikzug sowie als Kirchenvorsteher der evangelischen Kirchengemeinde Kirch-G\u00f6ns und Pohl-G\u00f6ns. Schimpf ist Mitglied des Pohl-G\u00f6nser Ortsbeirats, engagiert sich f\u00fcr mehrere Pohl-G\u00f6nser Vereine und arbeitet als Versicherungsfachwirtin. Die drei Vorstandsmitglieder sollen bei der kommenden Kommunalwahl die f\u00fchrende Rolle einnehmen. Zum Schriftf\u00fchrer wurde der Vorsitzende der jungen Union Butzbach, Julian Gaar, und als Mitgliederbeauftragter wurde Nils Henkel gew\u00e4hlt. Komplettiert wird der Vorstand von den Beisitzern Sascha Ernst, Steffen Bu\u00df, Sven Weber und Stefan Euler. Die CDU G\u00f6ns erkl\u00e4rt abschlie\u00dfend, dass ihr Schwerpunkt nun auf den kommenden Wahlen liege. Daneben m\u00f6chte man eine starke Stimme f\u00fcr den Butzbacher Norden sowohl politisch als auch f\u00fcr das Ehrenamt sein, denn schlie\u00dflich sei die CDU die Partei des Ehrenamts. Gerad die CDU als Volkspartei stehe f\u00fcr eine positive Zusammenarbeit zwischen den drei G\u00f6ns-Stadtteilen. Zudem wolle man sich f\u00fcr das kommende Kirch-G\u00f6nser Dorfjubil\u00e4um, das im Jahr 2025 gefeiert wird, engagieren.<\/p>\n\n\n\n<p>Quelle und Bild: Butzbacher Zeitung vom 18. Juni 2024<\/p>\n\n\n\n<figure class=\"wp-block-image size-full\"><img loading=\"lazy\" decoding=\"async\" width=\"465\" height=\"289\" src=\"http:\/\/875jahrekirchgoens.de\/wp-content\/uploads\/2024\/07\/Screenshot-2024-07-02-155438.png\" alt=\"Der Vorstand der CDU G\u00f6ns richtet den Blick auf die kommenden Wahlen.\" class=\"wp-image-15568\" srcset=\"http:\/\/875jahrekirchgoens.de\/wp-content\/uploads\/2024\/07\/Screenshot-2024-07-02-155438.png 465w, http:\/\/875jahrekirchgoens.de\/wp-content\/uploads\/2024\/07\/Screenshot-2024-07-02-155438-300x186.png 300w\" sizes=\"auto, (max-width: 465px) 100vw, 465px\" \/><\/figure>\n","protected":false},"excerpt":{"rendered":"<p>CDU G\u00f6ns stellt sich f\u00fcr Kommunalwahl auf und w\u00e4hlt Vorstand J\u00fcngst fand im Alten Pfarrhaus in Pohl-G\u00f6ns die Mitgliederversammlung des CDU-Ortsverbandes \u201eG\u00f6ns\u201c statt, der die drei Stadtteile im Butzbacher Norden Kirch\u00adG\u00f6ns, Pohl-G\u00f6ns und Ebersg\u00f6ns umfasst. Der Ortsverbandsvorsitzende und Ortsvorsteher von\u00b7Ebersg\u00f6ns, Stefan H\u00f6chst, hie\u00df alle Teilnehmer zu der Mitgliederversammlung willkommen. Die Versammlung wurde von zahlreichen Mitgliedern &#8230; <a title=\"Starke Stimme im Norden\" class=\"read-more\" href=\"http:\/\/875jahrekirchgoens.de\/?p=15567\" aria-label=\"Mehr Informationen \u00fcber Starke Stimme im Norden\">Weiterlesen<\/a><\/p>\n","protected":false},"author":1,"featured_media":0,"comment_status":"closed","ping_status":"open","sticky":false,"template":"","format":"standard","meta":{"footnotes":""},"categories":[1],"tags":[],"class_list":["post-15567","post","type-post","status-publish","format-standard","hentry","category-infos"],"_links":{"self":[{"href":"http:\/\/875jahrekirchgoens.de\/index.php?rest_route=\/wp\/v2\/posts\/15567","targetHints":{"allow":["GET"]}}],"collection":[{"href":"http:\/\/875jahrekirchgoens.de\/index.php?rest_route=\/wp\/v2\/posts"}],"about":[{"href":"http:\/\/875jahrekirchgoens.de\/index.php?rest_route=\/wp\/v2\/types\/post"}],"author":[{"embeddable":true,"href":"http:\/\/875jahrekirchgoens.de\/index.php?rest_route=\/wp\/v2\/users\/1"}],"replies":[{"embeddable":true,"href":"http:\/\/875jahrekirchgoens.de\/index.php?rest_route=%2Fwp%2Fv2%2Fcomments&post=15567"}],"version-history":[{"count":1,"href":"http:\/\/875jahrekirchgoens.de\/index.php?rest_route=\/wp\/v2\/posts\/15567\/revisions"}],"predecessor-version":[{"id":15569,"href":"http:\/\/875jahrekirchgoens.de\/index.php?rest_route=\/wp\/v2\/posts\/15567\/revisions\/15569"}],"wp:attachment":[{"href":"http:\/\/875jahrekirchgoens.de\/index.php?rest_route=%2Fwp%2Fv2%2Fmedia&parent=15567"}],"wp:term":[{"taxonomy":"category","embeddable":true,"href":"http:\/\/875jahrekirchgoens.de\/index.php?rest_route=%2Fwp%2Fv2%2Fcategories&post=15567"},{"taxonomy":"post_tag","embeddable":true,"href":"http:\/\/875jahrekirchgoens.de\/index.php?rest_route=%2Fwp%2Fv2%2Ftags&post=15567"}],"curies":[{"name":"wp","href":"https:\/\/api.w.org\/{rel}","templated":true}]}}