{"id":15575,"date":"2024-06-07T14:03:00","date_gmt":"2024-06-07T14:03:00","guid":{"rendered":"http:\/\/875jahrekirchgoens.de\/?p=15575"},"modified":"2024-07-02T14:04:17","modified_gmt":"2024-07-02T14:04:17","slug":"chronikarbeit-von-kirch-goens-schreitet-voran","status":"publish","type":"post","link":"http:\/\/875jahrekirchgoens.de\/?p=15575","title":{"rendered":"Chronikarbeit von Kirch-G\u00f6ns schreitet voran"},"content":{"rendered":"\n<p>(Mz.) Im Zuge der 875-Jahrfeier von Kirch-G\u00f6ns in 2025 ist der Chronikausschuss der Kirch-G\u00f6nser Interessengemeinschaft seit mehreren Monaten sehr aktiv. Betrachtet werden die Jahre 2000 bis 2023 mit dem d\u00f6rflichen Geschehen in dem n\u00f6rdlichsten Stadtteil von Butzbach. Geplant ist, dass an der Akademischen Feier (22. M\u00e4rz 2025 \u2013 Mehrzweckhalle Kirch-\/Pohl-G\u00f6ns) die Chronik der Bev\u00f6lkerung pr\u00e4sentiert wird. Allerdings wird es aus Nachhaltigkeitsgr\u00fcnden keine gebundene Ausgabe in Form eines Buches geben. Die Zeitlinie wird als PDF-Datei unter www.875jahrekirchgoens.de zur Verf\u00fcgung gestellt werden. Der IG-Chroniksprecher Thorsten Metz teilte gegen\u00fcber der BZ mit: \u201eDass hier neue Wege gegangen werden und wir unserer Umweltbelastung sehr bewusst sind, Ressourcen einsparen und aus gutem Grund keine gebundene Ausgabe pr\u00e4sentierten. Bietet die digitale Version doch jederzeit die M\u00f6glichkeit, Erg\u00e4nzungen beliebiger Art vorzunehmen\u201c. Zwischenzeitlich wurden vom Chronikausschuss die stolze Zahl von einundzwanzig Festschriften zu Jubil\u00e4umsfeiern von Kirch-G\u00f6nser Vereinen und Institutionen eingescannt und laden zum Schm\u00f6kern auf der Homepage ein. Nach der erfolgten Zustimmung der Autoren kann unter anderem auch die Dorfchronik (286 Seiten) zur 850-Jahrfeier aus dem Jahre 2000 eingesehen werden. Gro\u00dfen Dank sprach Metz an alle Unterst\u00fctzer aus, die mit Berichten und Bildern beitragen. \u00dcber f\u00fcnfzig Berichte zu Ereignissen aus diesem Jahr stehen zur Ansicht auf der Webseite bereit und weit \u00fcber dreihundert Berichte aus den Vorjahren laden zum Lesen ein. Gerne nimmt der Chronikausschuss noch weiteres Material zur Sichtung an.<\/p>\n","protected":false},"excerpt":{"rendered":"<p>(Mz.) Im Zuge der 875-Jahrfeier von Kirch-G\u00f6ns in 2025 ist der Chronikausschuss der Kirch-G\u00f6nser Interessengemeinschaft seit mehreren Monaten sehr aktiv. Betrachtet werden die Jahre 2000 bis 2023 mit dem d\u00f6rflichen Geschehen in dem n\u00f6rdlichsten Stadtteil von Butzbach. Geplant ist, dass an der Akademischen Feier (22. M\u00e4rz 2025 \u2013 Mehrzweckhalle Kirch-\/Pohl-G\u00f6ns) die Chronik der Bev\u00f6lkerung pr\u00e4sentiert &#8230; <a title=\"Chronikarbeit von Kirch-G\u00f6ns schreitet voran\" class=\"read-more\" href=\"http:\/\/875jahrekirchgoens.de\/?p=15575\" aria-label=\"Mehr Informationen \u00fcber Chronikarbeit von Kirch-G\u00f6ns schreitet voran\">Weiterlesen<\/a><\/p>\n","protected":false},"author":1,"featured_media":0,"comment_status":"closed","ping_status":"open","sticky":false,"template":"","format":"standard","meta":{"footnotes":""},"categories":[1],"tags":[],"class_list":["post-15575","post","type-post","status-publish","format-standard","hentry","category-infos"],"_links":{"self":[{"href":"http:\/\/875jahrekirchgoens.de\/index.php?rest_route=\/wp\/v2\/posts\/15575","targetHints":{"allow":["GET"]}}],"collection":[{"href":"http:\/\/875jahrekirchgoens.de\/index.php?rest_route=\/wp\/v2\/posts"}],"about":[{"href":"http:\/\/875jahrekirchgoens.de\/index.php?rest_route=\/wp\/v2\/types\/post"}],"author":[{"embeddable":true,"href":"http:\/\/875jahrekirchgoens.de\/index.php?rest_route=\/wp\/v2\/users\/1"}],"replies":[{"embeddable":true,"href":"http:\/\/875jahrekirchgoens.de\/index.php?rest_route=%2Fwp%2Fv2%2Fcomments&post=15575"}],"version-history":[{"count":1,"href":"http:\/\/875jahrekirchgoens.de\/index.php?rest_route=\/wp\/v2\/posts\/15575\/revisions"}],"predecessor-version":[{"id":15576,"href":"http:\/\/875jahrekirchgoens.de\/index.php?rest_route=\/wp\/v2\/posts\/15575\/revisions\/15576"}],"wp:attachment":[{"href":"http:\/\/875jahrekirchgoens.de\/index.php?rest_route=%2Fwp%2Fv2%2Fmedia&parent=15575"}],"wp:term":[{"taxonomy":"category","embeddable":true,"href":"http:\/\/875jahrekirchgoens.de\/index.php?rest_route=%2Fwp%2Fv2%2Fcategories&post=15575"},{"taxonomy":"post_tag","embeddable":true,"href":"http:\/\/875jahrekirchgoens.de\/index.php?rest_route=%2Fwp%2Fv2%2Ftags&post=15575"}],"curies":[{"name":"wp","href":"https:\/\/api.w.org\/{rel}","templated":true}]}}