{"id":15578,"date":"2024-06-04T14:09:00","date_gmt":"2024-06-04T14:09:00","guid":{"rendered":"http:\/\/875jahrekirchgoens.de\/?p=15578"},"modified":"2024-07-02T14:09:51","modified_gmt":"2024-07-02T14:09:51","slug":"koenigsschiessen-in-kirch-goens","status":"publish","type":"post","link":"http:\/\/875jahrekirchgoens.de\/?p=15578","title":{"rendered":"K\u00f6nigsschie\u00dfen in Kirch-G\u00f6ns"},"content":{"rendered":"\n<p>Das 61. K\u00f6nigsschie\u00dfen des Sch\u00fctzenvereins Kirch-G\u00f6ns findet am Samstag, 8. Juni ab 18.30 Uhr statt. Alle Aktiven und Vereinsmitglieder (aus dem Sch\u00fctzenverein und aus dem F\u00f6rderverein des Sch\u00fctzenvereins Kirch- G\u00f6ns) haben die Chance, teilzunehmen und die Entscheidungen live zu erleben sowie alle Treffer und die finalen Entscheidungen per Video\u00fcbertragung detailgenau zu verfolgen. Der Spa\u00df steht im Mittelpunkt. F\u00fcr Speis und Trank ist gesorgt. Damit die Sieger geb\u00fchrend gefeiert werden, sind G\u00e4ste, Familienangeh\u00f6rige und Freunde wie immer herzlich willkommen.<\/p>\n\n\n\n<p>Quelle: Butzbacher Zeitung vom 4. Juni 2024<\/p>\n","protected":false},"excerpt":{"rendered":"<p>Das 61. K\u00f6nigsschie\u00dfen des Sch\u00fctzenvereins Kirch-G\u00f6ns findet am Samstag, 8. Juni ab 18.30 Uhr statt. Alle Aktiven und Vereinsmitglieder (aus dem Sch\u00fctzenverein und aus dem F\u00f6rderverein des Sch\u00fctzenvereins Kirch- G\u00f6ns) haben die Chance, teilzunehmen und die Entscheidungen live zu erleben sowie alle Treffer und die finalen Entscheidungen per Video\u00fcbertragung detailgenau zu verfolgen. Der Spa\u00df steht &#8230; <a title=\"K\u00f6nigsschie\u00dfen in Kirch-G\u00f6ns\" class=\"read-more\" href=\"http:\/\/875jahrekirchgoens.de\/?p=15578\" aria-label=\"Mehr Informationen \u00fcber K\u00f6nigsschie\u00dfen in Kirch-G\u00f6ns\">Weiterlesen<\/a><\/p>\n","protected":false},"author":1,"featured_media":0,"comment_status":"closed","ping_status":"open","sticky":false,"template":"","format":"standard","meta":{"footnotes":""},"categories":[1],"tags":[],"class_list":["post-15578","post","type-post","status-publish","format-standard","hentry","category-infos"],"_links":{"self":[{"href":"http:\/\/875jahrekirchgoens.de\/index.php?rest_route=\/wp\/v2\/posts\/15578","targetHints":{"allow":["GET"]}}],"collection":[{"href":"http:\/\/875jahrekirchgoens.de\/index.php?rest_route=\/wp\/v2\/posts"}],"about":[{"href":"http:\/\/875jahrekirchgoens.de\/index.php?rest_route=\/wp\/v2\/types\/post"}],"author":[{"embeddable":true,"href":"http:\/\/875jahrekirchgoens.de\/index.php?rest_route=\/wp\/v2\/users\/1"}],"replies":[{"embeddable":true,"href":"http:\/\/875jahrekirchgoens.de\/index.php?rest_route=%2Fwp%2Fv2%2Fcomments&post=15578"}],"version-history":[{"count":1,"href":"http:\/\/875jahrekirchgoens.de\/index.php?rest_route=\/wp\/v2\/posts\/15578\/revisions"}],"predecessor-version":[{"id":15579,"href":"http:\/\/875jahrekirchgoens.de\/index.php?rest_route=\/wp\/v2\/posts\/15578\/revisions\/15579"}],"wp:attachment":[{"href":"http:\/\/875jahrekirchgoens.de\/index.php?rest_route=%2Fwp%2Fv2%2Fmedia&parent=15578"}],"wp:term":[{"taxonomy":"category","embeddable":true,"href":"http:\/\/875jahrekirchgoens.de\/index.php?rest_route=%2Fwp%2Fv2%2Fcategories&post=15578"},{"taxonomy":"post_tag","embeddable":true,"href":"http:\/\/875jahrekirchgoens.de\/index.php?rest_route=%2Fwp%2Fv2%2Ftags&post=15578"}],"curies":[{"name":"wp","href":"https:\/\/api.w.org\/{rel}","templated":true}]}}