{"id":15582,"date":"2024-06-03T14:11:00","date_gmt":"2024-06-03T14:11:00","guid":{"rendered":"http:\/\/875jahrekirchgoens.de\/?p=15582"},"modified":"2024-07-02T14:12:14","modified_gmt":"2024-07-02T14:12:14","slug":"anmeldung-zum-mittagstisch","status":"publish","type":"post","link":"http:\/\/875jahrekirchgoens.de\/?p=15582","title":{"rendered":"Anmeldung zum Mittagstisch"},"content":{"rendered":"\n<p>Essensanmeldung f\u00fcr den Mittagstisch (MiMit) am Mittwoch, 12. Juni, ab 12.00 Uhr, im B\u00fcrgertreff Pohl-G\u00f6ns sind bis Donnerstag, 6. Juni, \u00fcber Tel. 06033-60941 oder <a href=\"mailto:gemeindebuero@evkpg.de\">gemeindebuero@evkpg.de<\/a> m\u00f6glich. Bitte Namen und Anzahl der Essensbestellungen nennen. Es gibt H\u00e4hnchenbrust Caprese mit Nudel sowie Dessert mit Kaffee. F\u00fcr Abholungen und Mitnahmen bitte Beh\u00e4ltnisse mitbringen und bei Verhinderung Bescheid geben oder Essen abholen lassen. Im Juli und August macht der MiMit Pause. Als Ersatz gibt es das MiMit-Sommer-Caf\u00e9. Im September ist der Mittagstisch wieder verf\u00fcgbar.<\/p>\n\n\n\n<p>Quelle: Butzbacher Zeitung vom 3. Juni 2025<\/p>\n","protected":false},"excerpt":{"rendered":"<p>Essensanmeldung f\u00fcr den Mittagstisch (MiMit) am Mittwoch, 12. Juni, ab 12.00 Uhr, im B\u00fcrgertreff Pohl-G\u00f6ns sind bis Donnerstag, 6. Juni, \u00fcber Tel. 06033-60941 oder gemeindebuero@evkpg.de m\u00f6glich. Bitte Namen und Anzahl der Essensbestellungen nennen. Es gibt H\u00e4hnchenbrust Caprese mit Nudel sowie Dessert mit Kaffee. F\u00fcr Abholungen und Mitnahmen bitte Beh\u00e4ltnisse mitbringen und bei Verhinderung Bescheid geben &#8230; <a title=\"Anmeldung zum Mittagstisch\" class=\"read-more\" href=\"http:\/\/875jahrekirchgoens.de\/?p=15582\" aria-label=\"Mehr Informationen \u00fcber Anmeldung zum Mittagstisch\">Weiterlesen<\/a><\/p>\n","protected":false},"author":1,"featured_media":0,"comment_status":"closed","ping_status":"open","sticky":false,"template":"","format":"standard","meta":{"footnotes":""},"categories":[1],"tags":[],"class_list":["post-15582","post","type-post","status-publish","format-standard","hentry","category-infos"],"_links":{"self":[{"href":"http:\/\/875jahrekirchgoens.de\/index.php?rest_route=\/wp\/v2\/posts\/15582","targetHints":{"allow":["GET"]}}],"collection":[{"href":"http:\/\/875jahrekirchgoens.de\/index.php?rest_route=\/wp\/v2\/posts"}],"about":[{"href":"http:\/\/875jahrekirchgoens.de\/index.php?rest_route=\/wp\/v2\/types\/post"}],"author":[{"embeddable":true,"href":"http:\/\/875jahrekirchgoens.de\/index.php?rest_route=\/wp\/v2\/users\/1"}],"replies":[{"embeddable":true,"href":"http:\/\/875jahrekirchgoens.de\/index.php?rest_route=%2Fwp%2Fv2%2Fcomments&post=15582"}],"version-history":[{"count":1,"href":"http:\/\/875jahrekirchgoens.de\/index.php?rest_route=\/wp\/v2\/posts\/15582\/revisions"}],"predecessor-version":[{"id":15583,"href":"http:\/\/875jahrekirchgoens.de\/index.php?rest_route=\/wp\/v2\/posts\/15582\/revisions\/15583"}],"wp:attachment":[{"href":"http:\/\/875jahrekirchgoens.de\/index.php?rest_route=%2Fwp%2Fv2%2Fmedia&parent=15582"}],"wp:term":[{"taxonomy":"category","embeddable":true,"href":"http:\/\/875jahrekirchgoens.de\/index.php?rest_route=%2Fwp%2Fv2%2Fcategories&post=15582"},{"taxonomy":"post_tag","embeddable":true,"href":"http:\/\/875jahrekirchgoens.de\/index.php?rest_route=%2Fwp%2Fv2%2Ftags&post=15582"}],"curies":[{"name":"wp","href":"https:\/\/api.w.org\/{rel}","templated":true}]}}