{"id":15604,"date":"2024-07-16T10:18:19","date_gmt":"2024-07-16T10:18:19","guid":{"rendered":"http:\/\/875jahrekirchgoens.de\/?p=15604"},"modified":"2024-07-16T10:18:19","modified_gmt":"2024-07-16T10:18:19","slug":"jubilaeumsschilder-fuer-kirch-goenser-kindergarten-und-ggs","status":"publish","type":"post","link":"http:\/\/875jahrekirchgoens.de\/?p=15604","title":{"rendered":"Jubil\u00e4umsschilder f\u00fcr Kirch-G\u00f6nser Kindergarten und GGS"},"content":{"rendered":"\n<p>(Mz.) Neulich wurden im Rahmen der Vorbereitungen zur Jubil\u00e4umsfeier zum 875j\u00e4hrigen Bestehen von Kirch-G\u00f6ns im Jahre 2025 die \u00f6rtlichen Einrichtungen (Kindergarten Kirch-G\u00f6ns und G\u00f6nser Grundschule Kirch-\/Pohl-G\u00f6ns) vom Ortsvorsteher Stefan Euler besucht. Im Zuge dessen wurden die Jubil\u00e4umsschilder mit dem Konterfei der Kirch-G\u00f6nser Kirche und dem Backhaus an die Leiterinnen \u00fcbergeben. Silke Bolz-Lowak und Anette Schliebener freuten sich \u00fcber das Pr\u00e4sent. Euler gegen\u00fcber der BZ: \u201eWir m\u00f6chten gerne, dass auch unsere Kids vom Fieber der 875-Jahrfeier gepackt und mit dem symbolischen Jubil\u00e4umsschild darauf hingewiesen werden\u201c. Bis jetzt konnte der Werbeausschuss der IG bereits 50 Jubil\u00e4umsschilder im Ort verteilen. Weitere Bestellungen f\u00fcr das Jubil\u00e4umsschild k\u00f6nnen unter <a href=\"http:\/\/www.875jahrekirchgoens.de\">www.875jahrekirchgoens.de<\/a> erfolgen. Der Werbeausschuss der Kirch-G\u00f6nser Interessengemeinschaft nimmt gerne die Auftr\u00e4ge an und meldet sich zur Auslieferung.<\/p>\n\n\n\n<p>Bilder: Stefan Euler \/ Kirch-G\u00f6ns<\/p>\n\n\n\n<p>Linkes Bild: Silke Bolz-Lowak (Kindergartenleiterin Kirch-G\u00f6ns) mit Ortsvorsteher Stefan Euler bei der \u00dcbergabe des Jubil\u00e4umsschildes zur 875-Jahrfeier von Kirch-G\u00f6ns. Rechtes Bild: Anette Schliebener (Schulleiterin GGS Kirch-G\u00f6ns) und Stefan Euler.<\/p>\n\n\n\n<figure class=\"wp-block-gallery has-nested-images columns-default is-cropped wp-block-gallery-1 is-layout-flex wp-block-gallery-is-layout-flex\">\n<figure class=\"wp-block-image size-large\"><img loading=\"lazy\" decoding=\"async\" width=\"644\" height=\"878\" data-id=\"15602\" src=\"http:\/\/875jahrekirchgoens.de\/wp-content\/uploads\/2024\/07\/JS1.jpg\" alt=\"\" class=\"wp-image-15602\" srcset=\"http:\/\/875jahrekirchgoens.de\/wp-content\/uploads\/2024\/07\/JS1.jpg 644w, http:\/\/875jahrekirchgoens.de\/wp-content\/uploads\/2024\/07\/JS1-220x300.jpg 220w\" sizes=\"auto, (max-width: 644px) 100vw, 644px\" \/><\/figure>\n\n\n\n<figure class=\"wp-block-image size-large\"><img loading=\"lazy\" decoding=\"async\" width=\"664\" height=\"886\" data-id=\"15603\" src=\"http:\/\/875jahrekirchgoens.de\/wp-content\/uploads\/2024\/07\/JS2.jpg\" alt=\"\" class=\"wp-image-15603\" srcset=\"http:\/\/875jahrekirchgoens.de\/wp-content\/uploads\/2024\/07\/JS2.jpg 664w, http:\/\/875jahrekirchgoens.de\/wp-content\/uploads\/2024\/07\/JS2-225x300.jpg 225w\" sizes=\"auto, (max-width: 664px) 100vw, 664px\" \/><\/figure>\n<\/figure>\n","protected":false},"excerpt":{"rendered":"<p>(Mz.) Neulich wurden im Rahmen der Vorbereitungen zur Jubil\u00e4umsfeier zum 875j\u00e4hrigen Bestehen von Kirch-G\u00f6ns im Jahre 2025 die \u00f6rtlichen Einrichtungen (Kindergarten Kirch-G\u00f6ns und G\u00f6nser Grundschule Kirch-\/Pohl-G\u00f6ns) vom Ortsvorsteher Stefan Euler besucht. Im Zuge dessen wurden die Jubil\u00e4umsschilder mit dem Konterfei der Kirch-G\u00f6nser Kirche und dem Backhaus an die Leiterinnen \u00fcbergeben. Silke Bolz-Lowak und Anette Schliebener &#8230; <a title=\"Jubil\u00e4umsschilder f\u00fcr Kirch-G\u00f6nser Kindergarten und GGS\" class=\"read-more\" href=\"http:\/\/875jahrekirchgoens.de\/?p=15604\" aria-label=\"Mehr Informationen \u00fcber Jubil\u00e4umsschilder f\u00fcr Kirch-G\u00f6nser Kindergarten und GGS\">Weiterlesen<\/a><\/p>\n","protected":false},"author":1,"featured_media":0,"comment_status":"closed","ping_status":"open","sticky":false,"template":"","format":"standard","meta":{"footnotes":""},"categories":[1],"tags":[],"class_list":["post-15604","post","type-post","status-publish","format-standard","hentry","category-infos"],"_links":{"self":[{"href":"http:\/\/875jahrekirchgoens.de\/index.php?rest_route=\/wp\/v2\/posts\/15604","targetHints":{"allow":["GET"]}}],"collection":[{"href":"http:\/\/875jahrekirchgoens.de\/index.php?rest_route=\/wp\/v2\/posts"}],"about":[{"href":"http:\/\/875jahrekirchgoens.de\/index.php?rest_route=\/wp\/v2\/types\/post"}],"author":[{"embeddable":true,"href":"http:\/\/875jahrekirchgoens.de\/index.php?rest_route=\/wp\/v2\/users\/1"}],"replies":[{"embeddable":true,"href":"http:\/\/875jahrekirchgoens.de\/index.php?rest_route=%2Fwp%2Fv2%2Fcomments&post=15604"}],"version-history":[{"count":1,"href":"http:\/\/875jahrekirchgoens.de\/index.php?rest_route=\/wp\/v2\/posts\/15604\/revisions"}],"predecessor-version":[{"id":15605,"href":"http:\/\/875jahrekirchgoens.de\/index.php?rest_route=\/wp\/v2\/posts\/15604\/revisions\/15605"}],"wp:attachment":[{"href":"http:\/\/875jahrekirchgoens.de\/index.php?rest_route=%2Fwp%2Fv2%2Fmedia&parent=15604"}],"wp:term":[{"taxonomy":"category","embeddable":true,"href":"http:\/\/875jahrekirchgoens.de\/index.php?rest_route=%2Fwp%2Fv2%2Fcategories&post=15604"},{"taxonomy":"post_tag","embeddable":true,"href":"http:\/\/875jahrekirchgoens.de\/index.php?rest_route=%2Fwp%2Fv2%2Ftags&post=15604"}],"curies":[{"name":"wp","href":"https:\/\/api.w.org\/{rel}","templated":true}]}}