{"id":15624,"date":"2024-07-06T10:35:03","date_gmt":"2024-07-06T10:35:03","guid":{"rendered":"http:\/\/875jahrekirchgoens.de\/?p=15624"},"modified":"2024-07-16T10:35:35","modified_gmt":"2024-07-16T10:35:35","slug":"geld-fuer-kirch-goens","status":"publish","type":"post","link":"http:\/\/875jahrekirchgoens.de\/?p=15624","title":{"rendered":"Geld f\u00fcr Kirch-G\u00f6ns"},"content":{"rendered":"\n<p>Die D\u00f6rfer Kubach (Weilburg) und Oberseelbach (Niedernhausen) gewinnen im Regionalentscheid des Landeswettbewerbs \u201eUnser Dorf hat Zukunft\u201c. Die f\u00fcnf Wetterauer D\u00f6rfer, darunter Kirch-G\u00f6ns, haben es zwar nicht uner die ersten Pl\u00e4tze geschafft. Kirch-G\u00f6ns erh\u00e4lt eine Mitmachpr\u00e4mie in H\u00f6he von 500 Euro und eine Urkunde, teilt der Kreis mit. Erste Kreisbeigeordnete Birgit Weckler freut sich \u00fcber die Bereitschaft der Bewohner, die \u201eZuknft ihres Dorfes aktiv in die eigenen H\u00e4nde zu nehmen\u201c und das \u201etolle Engagement\u201c. Glauburg-Stockheim erh\u00e4lt ebenso wie Bad Nauheim-Wisselsheim einen Sonderpreis.<\/p>\n\n\n\n<p>Quelle: Butzbacher Zeitung vom 6. Juli 2024<\/p>\n","protected":false},"excerpt":{"rendered":"<p>Die D\u00f6rfer Kubach (Weilburg) und Oberseelbach (Niedernhausen) gewinnen im Regionalentscheid des Landeswettbewerbs \u201eUnser Dorf hat Zukunft\u201c. Die f\u00fcnf Wetterauer D\u00f6rfer, darunter Kirch-G\u00f6ns, haben es zwar nicht uner die ersten Pl\u00e4tze geschafft. Kirch-G\u00f6ns erh\u00e4lt eine Mitmachpr\u00e4mie in H\u00f6he von 500 Euro und eine Urkunde, teilt der Kreis mit. Erste Kreisbeigeordnete Birgit Weckler freut sich \u00fcber die &#8230; <a title=\"Geld f\u00fcr Kirch-G\u00f6ns\" class=\"read-more\" href=\"http:\/\/875jahrekirchgoens.de\/?p=15624\" aria-label=\"Mehr Informationen \u00fcber Geld f\u00fcr Kirch-G\u00f6ns\">Weiterlesen<\/a><\/p>\n","protected":false},"author":1,"featured_media":0,"comment_status":"closed","ping_status":"open","sticky":false,"template":"","format":"standard","meta":{"footnotes":""},"categories":[1],"tags":[],"class_list":["post-15624","post","type-post","status-publish","format-standard","hentry","category-infos"],"_links":{"self":[{"href":"http:\/\/875jahrekirchgoens.de\/index.php?rest_route=\/wp\/v2\/posts\/15624","targetHints":{"allow":["GET"]}}],"collection":[{"href":"http:\/\/875jahrekirchgoens.de\/index.php?rest_route=\/wp\/v2\/posts"}],"about":[{"href":"http:\/\/875jahrekirchgoens.de\/index.php?rest_route=\/wp\/v2\/types\/post"}],"author":[{"embeddable":true,"href":"http:\/\/875jahrekirchgoens.de\/index.php?rest_route=\/wp\/v2\/users\/1"}],"replies":[{"embeddable":true,"href":"http:\/\/875jahrekirchgoens.de\/index.php?rest_route=%2Fwp%2Fv2%2Fcomments&post=15624"}],"version-history":[{"count":1,"href":"http:\/\/875jahrekirchgoens.de\/index.php?rest_route=\/wp\/v2\/posts\/15624\/revisions"}],"predecessor-version":[{"id":15625,"href":"http:\/\/875jahrekirchgoens.de\/index.php?rest_route=\/wp\/v2\/posts\/15624\/revisions\/15625"}],"wp:attachment":[{"href":"http:\/\/875jahrekirchgoens.de\/index.php?rest_route=%2Fwp%2Fv2%2Fmedia&parent=15624"}],"wp:term":[{"taxonomy":"category","embeddable":true,"href":"http:\/\/875jahrekirchgoens.de\/index.php?rest_route=%2Fwp%2Fv2%2Fcategories&post=15624"},{"taxonomy":"post_tag","embeddable":true,"href":"http:\/\/875jahrekirchgoens.de\/index.php?rest_route=%2Fwp%2Fv2%2Ftags&post=15624"}],"curies":[{"name":"wp","href":"https:\/\/api.w.org\/{rel}","templated":true}]}}