{"id":15627,"date":"2024-07-11T10:37:05","date_gmt":"2024-07-11T10:37:05","guid":{"rendered":"http:\/\/875jahrekirchgoens.de\/?p=15627"},"modified":"2024-07-16T10:38:28","modified_gmt":"2024-07-16T10:38:28","slug":"feuer-feuer","status":"publish","type":"post","link":"http:\/\/875jahrekirchgoens.de\/?p=15627","title":{"rendered":"Feuer, Feuer!"},"content":{"rendered":"\n<p>In der letzten Woche war auf dem Schulhof der G\u00f6nser-Grund-Schule m\u00e4chtig was los. Anl\u00e4sslich der halbj\u00e4hrlichen Feueralarmprobe kam die Feuerwehr Kirch-G\u00f6ns und probte gemeinsam mit den Sch\u00fclern den \u201eErnstfall\u201c. Mit einem Einsatzfahrzeug kamen die Feuerwehrleute und eine Feuerwehrfrau mit Blaulicht an der Schule an und testeten aus, wie lange sie im Ernstfall ben\u00f6tigen, um einsatzbereit zum L\u00f6schen zu sein. Die Sch\u00fcler probten, wie schnell sie das Schulgeb\u00e4ude verlassen k\u00f6nnen. Die Feuerwehrleute erkl\u00e4rten den Sch\u00fclern das richtige Verhalten und demonstrierten ihnen auch, dass man vor den M\u00e4nnern mit den komischen Atemmasken keine Angst haben braucht. Die Sch\u00fclerinnen und Sch\u00fcler wurden gelobt, f\u00fcr ihr vorbildliches Verhalten und Aufstellen auf dem Schulhof, sowie das schnelle, aber sichere Verlassen des Schulgeb\u00e4udes. Alles in allem eine gelungene Alarmprobe, die aber trotzdem nie zum Einsatz kommen muss.<\/p>\n\n\n\n<p>Quelle und Bild: G\u00f6nser Grundschule vom 11. Juli 2024<\/p>\n\n\n\n<figure class=\"wp-block-image size-full\"><img loading=\"lazy\" decoding=\"async\" width=\"747\" height=\"560\" src=\"http:\/\/875jahrekirchgoens.de\/wp-content\/uploads\/2024\/07\/Bild1.jpg\" alt=\"\" class=\"wp-image-15628\" srcset=\"http:\/\/875jahrekirchgoens.de\/wp-content\/uploads\/2024\/07\/Bild1.jpg 747w, http:\/\/875jahrekirchgoens.de\/wp-content\/uploads\/2024\/07\/Bild1-300x225.jpg 300w\" sizes=\"auto, (max-width: 747px) 100vw, 747px\" \/><\/figure>\n","protected":false},"excerpt":{"rendered":"<p>In der letzten Woche war auf dem Schulhof der G\u00f6nser-Grund-Schule m\u00e4chtig was los. Anl\u00e4sslich der halbj\u00e4hrlichen Feueralarmprobe kam die Feuerwehr Kirch-G\u00f6ns und probte gemeinsam mit den Sch\u00fclern den \u201eErnstfall\u201c. Mit einem Einsatzfahrzeug kamen die Feuerwehrleute und eine Feuerwehrfrau mit Blaulicht an der Schule an und testeten aus, wie lange sie im Ernstfall ben\u00f6tigen, um einsatzbereit &#8230; <a title=\"Feuer, Feuer!\" class=\"read-more\" href=\"http:\/\/875jahrekirchgoens.de\/?p=15627\" aria-label=\"Mehr Informationen \u00fcber Feuer, Feuer!\">Weiterlesen<\/a><\/p>\n","protected":false},"author":1,"featured_media":0,"comment_status":"closed","ping_status":"open","sticky":false,"template":"","format":"standard","meta":{"footnotes":""},"categories":[1],"tags":[],"class_list":["post-15627","post","type-post","status-publish","format-standard","hentry","category-infos"],"_links":{"self":[{"href":"http:\/\/875jahrekirchgoens.de\/index.php?rest_route=\/wp\/v2\/posts\/15627","targetHints":{"allow":["GET"]}}],"collection":[{"href":"http:\/\/875jahrekirchgoens.de\/index.php?rest_route=\/wp\/v2\/posts"}],"about":[{"href":"http:\/\/875jahrekirchgoens.de\/index.php?rest_route=\/wp\/v2\/types\/post"}],"author":[{"embeddable":true,"href":"http:\/\/875jahrekirchgoens.de\/index.php?rest_route=\/wp\/v2\/users\/1"}],"replies":[{"embeddable":true,"href":"http:\/\/875jahrekirchgoens.de\/index.php?rest_route=%2Fwp%2Fv2%2Fcomments&post=15627"}],"version-history":[{"count":1,"href":"http:\/\/875jahrekirchgoens.de\/index.php?rest_route=\/wp\/v2\/posts\/15627\/revisions"}],"predecessor-version":[{"id":15629,"href":"http:\/\/875jahrekirchgoens.de\/index.php?rest_route=\/wp\/v2\/posts\/15627\/revisions\/15629"}],"wp:attachment":[{"href":"http:\/\/875jahrekirchgoens.de\/index.php?rest_route=%2Fwp%2Fv2%2Fmedia&parent=15627"}],"wp:term":[{"taxonomy":"category","embeddable":true,"href":"http:\/\/875jahrekirchgoens.de\/index.php?rest_route=%2Fwp%2Fv2%2Fcategories&post=15627"},{"taxonomy":"post_tag","embeddable":true,"href":"http:\/\/875jahrekirchgoens.de\/index.php?rest_route=%2Fwp%2Fv2%2Ftags&post=15627"}],"curies":[{"name":"wp","href":"https:\/\/api.w.org\/{rel}","templated":true}]}}