{"id":15631,"date":"2024-07-15T10:40:03","date_gmt":"2024-07-15T10:40:03","guid":{"rendered":"http:\/\/875jahrekirchgoens.de\/?p=15631"},"modified":"2024-07-16T10:41:44","modified_gmt":"2024-07-16T10:41:44","slug":"festschrift-zum-50jaehrigen-der-freiwilligen-feuerwehr-kirch-goens-gesucht","status":"publish","type":"post","link":"http:\/\/875jahrekirchgoens.de\/?p=15631","title":{"rendered":"Festschrift zum 50j\u00e4hrigen der Freiwilligen Feuerwehr Kirch-G\u00f6ns gesucht"},"content":{"rendered":"\n<p>(Mz.) im Rahmen der Sammlungen alter Festschriften hat der Chronikausschuss der Kirch-G\u00f6nser Interessengemeinschaft zwischen-zeitlich einundzwanzig Dokumente einscannen k\u00f6nnen.<\/p>\n\n\n\n<p>Auf der Homepage <a href=\"http:\/\/www.875jahrekirchgoens.de\">www.875jahrekirchgoens.de<\/a> k\u00f6nnen die Publikationen eingesehen werden. Derzeit sucht der Ausschuss h\u00e4nderingend die Festschrift zum 50j\u00e4hrigen Bestehen der Freiwilligen Feuerwehr Kirch-G\u00f6ns vom 8. bis 10. Juli 1961. Aktuell liegt lediglich eine besch\u00e4digte Ausgabe vor. Sollte noch jemand im Besitz einer unbesch\u00e4digten Festschrift sein, bittet der Chronik-Ausschuss um Kontaktaufnahme mit Thorsten Metz (06033-974878). Das Original wird nach dem Einscannen wieder zur\u00fcckgegeben.<\/p>\n\n\n\n<figure class=\"wp-block-image size-large\"><img loading=\"lazy\" decoding=\"async\" width=\"722\" height=\"1024\" src=\"http:\/\/875jahrekirchgoens.de\/wp-content\/uploads\/2024\/07\/Festschrift1-722x1024.jpg\" alt=\"\" class=\"wp-image-15632\" srcset=\"http:\/\/875jahrekirchgoens.de\/wp-content\/uploads\/2024\/07\/Festschrift1-722x1024.jpg 722w, http:\/\/875jahrekirchgoens.de\/wp-content\/uploads\/2024\/07\/Festschrift1-212x300.jpg 212w, http:\/\/875jahrekirchgoens.de\/wp-content\/uploads\/2024\/07\/Festschrift1.jpg 768w\" sizes=\"auto, (max-width: 722px) 100vw, 722px\" \/><\/figure>\n\n\n\n<p><br><br><br><\/p>\n","protected":false},"excerpt":{"rendered":"<p>(Mz.) im Rahmen der Sammlungen alter Festschriften hat der Chronikausschuss der Kirch-G\u00f6nser Interessengemeinschaft zwischen-zeitlich einundzwanzig Dokumente einscannen k\u00f6nnen. Auf der Homepage www.875jahrekirchgoens.de k\u00f6nnen die Publikationen eingesehen werden. Derzeit sucht der Ausschuss h\u00e4nderingend die Festschrift zum 50j\u00e4hrigen Bestehen der Freiwilligen Feuerwehr Kirch-G\u00f6ns vom 8. bis 10. Juli 1961. Aktuell liegt lediglich eine besch\u00e4digte Ausgabe vor. Sollte &#8230; <a title=\"Festschrift zum 50j\u00e4hrigen der Freiwilligen Feuerwehr Kirch-G\u00f6ns gesucht\" class=\"read-more\" href=\"http:\/\/875jahrekirchgoens.de\/?p=15631\" aria-label=\"Mehr Informationen \u00fcber Festschrift zum 50j\u00e4hrigen der Freiwilligen Feuerwehr Kirch-G\u00f6ns gesucht\">Weiterlesen<\/a><\/p>\n","protected":false},"author":1,"featured_media":0,"comment_status":"closed","ping_status":"open","sticky":false,"template":"","format":"standard","meta":{"footnotes":""},"categories":[1],"tags":[],"class_list":["post-15631","post","type-post","status-publish","format-standard","hentry","category-infos"],"_links":{"self":[{"href":"http:\/\/875jahrekirchgoens.de\/index.php?rest_route=\/wp\/v2\/posts\/15631","targetHints":{"allow":["GET"]}}],"collection":[{"href":"http:\/\/875jahrekirchgoens.de\/index.php?rest_route=\/wp\/v2\/posts"}],"about":[{"href":"http:\/\/875jahrekirchgoens.de\/index.php?rest_route=\/wp\/v2\/types\/post"}],"author":[{"embeddable":true,"href":"http:\/\/875jahrekirchgoens.de\/index.php?rest_route=\/wp\/v2\/users\/1"}],"replies":[{"embeddable":true,"href":"http:\/\/875jahrekirchgoens.de\/index.php?rest_route=%2Fwp%2Fv2%2Fcomments&post=15631"}],"version-history":[{"count":1,"href":"http:\/\/875jahrekirchgoens.de\/index.php?rest_route=\/wp\/v2\/posts\/15631\/revisions"}],"predecessor-version":[{"id":15633,"href":"http:\/\/875jahrekirchgoens.de\/index.php?rest_route=\/wp\/v2\/posts\/15631\/revisions\/15633"}],"wp:attachment":[{"href":"http:\/\/875jahrekirchgoens.de\/index.php?rest_route=%2Fwp%2Fv2%2Fmedia&parent=15631"}],"wp:term":[{"taxonomy":"category","embeddable":true,"href":"http:\/\/875jahrekirchgoens.de\/index.php?rest_route=%2Fwp%2Fv2%2Fcategories&post=15631"},{"taxonomy":"post_tag","embeddable":true,"href":"http:\/\/875jahrekirchgoens.de\/index.php?rest_route=%2Fwp%2Fv2%2Ftags&post=15631"}],"curies":[{"name":"wp","href":"https:\/\/api.w.org\/{rel}","templated":true}]}}