{"id":15684,"date":"2024-08-26T09:31:33","date_gmt":"2024-08-26T09:31:33","guid":{"rendered":"http:\/\/875jahrekirchgoens.de\/?p=15684"},"modified":"2024-08-26T09:31:33","modified_gmt":"2024-08-26T09:31:33","slug":"gross-event-in-kirch-goens","status":"publish","type":"post","link":"http:\/\/875jahrekirchgoens.de\/?p=15684","title":{"rendered":"Gro\u00df-Event in Kirch-G\u00f6ns"},"content":{"rendered":"\n<p><em>Menschliche Jubil\u00e4umszahl 875 wird gestellt<\/em><\/p>\n\n\n\n<p>(Mz.) Nur noch wenige Tag bis zum Gro\u00df-Event in Kirch-G\u00f6ns, F\u00fcr das am Samstag, 31. August 2024, stattfindende Gro\u00dfereignis in Kirch-G\u00f6ns freut sich der Magistrat der Stadt Butzbach, der Kirch-G\u00f6nser Ortsvorsteher Stefan Euler, der Vorsitzende der Kirch-G\u00f6nser Interessengemeinschaft Michael Tiedemann, der Schirmherr William Thum, und alle IG-Aussch\u00fcsse auf die Veranstaltung. Die Vorbereitungen sind nahtlos abgeschlossen und das ganze Dorf brennt auf die Gro\u00dfveranstaltung F\u00fcr eine gro\u00dfe Anzahl von Teilnehmern wurde in den letzten Wochen bei der Kirch-G\u00f6nser Bev\u00f6lkerung mittels Flyer und digital geworben. Die symbolische Zahl 875 soll in menschlicher Form nachgestellt und mittels Drohne aufgenommen werden. Ob Jung, ob alt, jedermann ist hierzu herzlich eingeladen. Unter <a href=\"http:\/\/www.875jahrekirchgoens.de\">www.875jahrekirchgoens.de<\/a> kann vorab eine Anmeldung erfolgen. IG-Werbe-ausschusssprecher Thorsten Metz \u00e4u\u00dferte gegen\u00fcber der BZ: \u201eDas ist der erste Gradmesser f\u00fcr Kirch-G\u00f6ns zu den Vorbereitungen f\u00fcr die Jubil\u00e4umsfeier in 2025. <\/p>\n\n\n\n<p>Wir sind gespannt auf die Beteilung der Kirch-G\u00f6nser. Ebenfalls aufgerufen sind auch alle Ex-Kirch-G\u00f6nser, Freunde und G\u00f6nner, die wir sehr gerne auf dem heimischen Sportplatz zu diesem Einzigarten Event begr\u00fc\u00dfen d\u00fcrfen und schon jetzt bitten wir alle die Anreise in die Bahnhofstra\u00dfe per Fu\u00df, Fahrrad oder Bahn vorzunehmen. Wir appellieren an den Umweltgedanken und w\u00fcnschen uns eine CO\u00b2-freie Anreise. F\u00fcr Gehbehinderte und \u00c4ltere hat die IG einen Fahrdienst eingerichtet\u201c. Wer m\u00f6chte, kann sich gerne unter 06033-974878 beim Werbeausschusssprecher Thorsten Metz zur Nutzung des Fahrdienstes anmelden. Die Abholzeit ist f\u00fcr den Zeitraum von 13.00 \u2013 14.30 Uhr eingeplant. Die Aufnahme der 875 Kirch-G\u00f6nser soll um ca. 15.00\/15.15 Uhr erfolgen. <\/p>\n\n\n\n<p>Ab 13.00 Uhr k\u00f6nnen bereits die Registrierungen an den Anmeldestationen erfolgen. Jeder Teilnehmer erh\u00e4lt einen Aufkleber mit der entsprechenden Zahl, in welche man sich zur Aufnahme positionieren soll. F\u00fcr die \u201eKleinsten der Kleinen\u201c wird eine gro\u00dfe H\u00fcpfburg f\u00fcr Vergn\u00fcgen sorgen. Ab 14.00 Uhr wird die Kirch-G\u00f6nser Gospelchor mit einigen Liedbeitr\u00e4gen f\u00fcr Stimmung sorgen und im Anschluss folgt der Auftritt des Musikzuges Kirch-G\u00f6ns\/Butzbach. Aus Nachhaltigkeitsgr\u00fcnden wird die Getr\u00e4nkeausgabe nur in Flaschenform vorgenommen. Ferner werden die angebotenen W\u00fcrstchen nur im Br\u00f6tchen ausgegeben. Auf eine Papptellerausgabe der W\u00fcrstchen wird der Umwelt zuliebe verzichtet. Alkoholfreie und alkoholische Getr\u00e4nke (Euro 1,-) und W\u00fcrstchen (Euro 2,-) werden angeboten. Symbolisch werden 87,5 Cent an die IG entrichtet und die restlichen 12,5 Cent pro Getr\u00e4nk spendet die IG zum gegebenen Zeitpunkt an eine \u00f6rtliche gemeinn\u00fctzige Einrichtung. <\/p>\n\n\n\n<p>Des Weiteren kann am Sportplatz das Jubil\u00e4umsschild erworben werden. Bisher haben rund f\u00fcnfzig Kirch-G\u00f6nser das Schild erworben und zeigen damit ihre Verbundenheit mit dem n\u00f6rdlichsten Stadtteil von Butzbach. In diesem Zusammenhang bedankt sich die IG vorab bei allen Helfern zu der Gro\u00dfveranstaltung. Geplantes Ende ist um 18.00 Uhr und man freut sich, bei sonnigem Wetter, bereits jetzt viele Besucher unter dem Motto: \u201eKirch-G\u00f6ns \u2013 Ein Dorf f\u00fcr alle\u201c zu begr\u00fc\u00dfen.<\/p>\n\n\n\n<figure class=\"wp-block-gallery has-nested-images columns-default is-cropped wp-block-gallery-1 is-layout-flex wp-block-gallery-is-layout-flex\">\n<figure class=\"wp-block-image size-large\"><img loading=\"lazy\" decoding=\"async\" width=\"1024\" height=\"1024\" data-id=\"15685\" src=\"http:\/\/875jahrekirchgoens.de\/wp-content\/uploads\/2024\/08\/Flashmob-875-quadrat-1024x1024.jpg\" alt=\"\" class=\"wp-image-15685\" srcset=\"http:\/\/875jahrekirchgoens.de\/wp-content\/uploads\/2024\/08\/Flashmob-875-quadrat-1024x1024.jpg 1024w, http:\/\/875jahrekirchgoens.de\/wp-content\/uploads\/2024\/08\/Flashmob-875-quadrat-300x300.jpg 300w, http:\/\/875jahrekirchgoens.de\/wp-content\/uploads\/2024\/08\/Flashmob-875-quadrat-150x150.jpg 150w, http:\/\/875jahrekirchgoens.de\/wp-content\/uploads\/2024\/08\/Flashmob-875-quadrat-768x768.jpg 768w, http:\/\/875jahrekirchgoens.de\/wp-content\/uploads\/2024\/08\/Flashmob-875-quadrat.jpg 1080w\" sizes=\"auto, (max-width: 1024px) 100vw, 1024px\" \/><\/figure>\n<\/figure>\n","protected":false},"excerpt":{"rendered":"<p>Menschliche Jubil\u00e4umszahl 875 wird gestellt (Mz.) Nur noch wenige Tag bis zum Gro\u00df-Event in Kirch-G\u00f6ns, F\u00fcr das am Samstag, 31. August 2024, stattfindende Gro\u00dfereignis in Kirch-G\u00f6ns freut sich der Magistrat der Stadt Butzbach, der Kirch-G\u00f6nser Ortsvorsteher Stefan Euler, der Vorsitzende der Kirch-G\u00f6nser Interessengemeinschaft Michael Tiedemann, der Schirmherr William Thum, und alle IG-Aussch\u00fcsse auf die Veranstaltung. &#8230; <a title=\"Gro\u00df-Event in Kirch-G\u00f6ns\" class=\"read-more\" href=\"http:\/\/875jahrekirchgoens.de\/?p=15684\" aria-label=\"Mehr Informationen \u00fcber Gro\u00df-Event in Kirch-G\u00f6ns\">Weiterlesen<\/a><\/p>\n","protected":false},"author":1,"featured_media":0,"comment_status":"closed","ping_status":"open","sticky":false,"template":"","format":"standard","meta":{"footnotes":""},"categories":[1],"tags":[],"class_list":["post-15684","post","type-post","status-publish","format-standard","hentry","category-infos"],"_links":{"self":[{"href":"http:\/\/875jahrekirchgoens.de\/index.php?rest_route=\/wp\/v2\/posts\/15684","targetHints":{"allow":["GET"]}}],"collection":[{"href":"http:\/\/875jahrekirchgoens.de\/index.php?rest_route=\/wp\/v2\/posts"}],"about":[{"href":"http:\/\/875jahrekirchgoens.de\/index.php?rest_route=\/wp\/v2\/types\/post"}],"author":[{"embeddable":true,"href":"http:\/\/875jahrekirchgoens.de\/index.php?rest_route=\/wp\/v2\/users\/1"}],"replies":[{"embeddable":true,"href":"http:\/\/875jahrekirchgoens.de\/index.php?rest_route=%2Fwp%2Fv2%2Fcomments&post=15684"}],"version-history":[{"count":1,"href":"http:\/\/875jahrekirchgoens.de\/index.php?rest_route=\/wp\/v2\/posts\/15684\/revisions"}],"predecessor-version":[{"id":15686,"href":"http:\/\/875jahrekirchgoens.de\/index.php?rest_route=\/wp\/v2\/posts\/15684\/revisions\/15686"}],"wp:attachment":[{"href":"http:\/\/875jahrekirchgoens.de\/index.php?rest_route=%2Fwp%2Fv2%2Fmedia&parent=15684"}],"wp:term":[{"taxonomy":"category","embeddable":true,"href":"http:\/\/875jahrekirchgoens.de\/index.php?rest_route=%2Fwp%2Fv2%2Fcategories&post=15684"},{"taxonomy":"post_tag","embeddable":true,"href":"http:\/\/875jahrekirchgoens.de\/index.php?rest_route=%2Fwp%2Fv2%2Ftags&post=15684"}],"curies":[{"name":"wp","href":"https:\/\/api.w.org\/{rel}","templated":true}]}}