{"id":15694,"date":"2024-09-01T18:02:53","date_gmt":"2024-09-01T18:02:53","guid":{"rendered":"http:\/\/875jahrekirchgoens.de\/?p=15694"},"modified":"2024-09-09T07:54:30","modified_gmt":"2024-09-09T07:54:30","slug":"viele-menschen-auf-dem-sportplatz","status":"publish","type":"post","link":"http:\/\/875jahrekirchgoens.de\/?p=15694","title":{"rendered":"Viele Menschen auf dem Sportplatz"},"content":{"rendered":"\n<p><em>Interessengemeinschaft ist \u00fcberw\u00e4ltig von der Teilnahme<\/em><\/p>\n\n\n\n<p>(Mz.) Zum Gro\u00dfevent in Kirch-G\u00f6ns am vergangenen Samstag, konnte der Veranstalter &#8211; die Interessengemeinschaft der Kirch-G\u00f6nser Vereine und Gruppierungen &#8211; insgesamt 607 Menschen begr\u00fc\u00dfen und ist \u00fcberw\u00e4ltig von der Teilnahme. IG-Vorsitzende Michael Tiedemann gegen\u00fcber der BZ: \u201eWir sind \u00fcbergl\u00fccklich zu der gelungenen Auftaktveranstaltung zur 875-Jahr-Feier im n\u00e4chsten Jahr. Unsere monatelange Planung hat zu der hervorragenden Veranstaltung beigetragen. Viele Zahnr\u00e4dchen haben hier sehr gut mitgearbeitet\u201c. Ein gro\u00dfes Lob geht an die Organisation rund um den Werbe-, Personal- Finanz- und Bauausschuss\u201c.<\/p>\n\n\n\n<p>Ab 13.00 Uhr trafen viele Kirch-G\u00f6nser und Kirch-G\u00f6nserinnen, Freunde und G\u00f6nner, ob Jung oder Alt, auf dem Sportplatzgel\u00e4nde in der Bahnhofstra\u00dfe mit viel Vorfreude zu diesem einmaligen Ereignis ein. Auch viele Ex-Kirch-G\u00f6nser wurden begr\u00fc\u00dft. Nach der Registrierung konnten bei herrlichem Sommerwetter sich die \u201eKleinsten der Kleinen\u201c auf zwei gro\u00dfen H\u00fcpfburgen vergn\u00fcgen, w\u00e4hrend die \u00c4lteren dem kurzen Rahmenprogramm ab 14.00 Uhr folgten. Der 37-k\u00f6pfige Gospelchor des Gesangverein 1862 Kirch-G\u00f6ns unter der Leitung von Theresa Heinz er\u00f6ffnete die Veranstaltung mit einigen Liedern. Im Anschluss folgte der musikalische Auftritt des 15-k\u00f6pfigen Musikzuges Kirch-G\u00f6ns\/Butzbach mit Polkas wie B\u00f6hmischer Traum, Auf der Vogelwiese und B\u00f6hmische Liebe sowie moderne Arrangements wie Medleys von Peter Maffay und Dieter Thomas Kuhn. Viel Applaus erhielten beide Gruppen f\u00fcr Ihre Darbietungen.<\/p>\n\n\n\n<p>F\u00fcr das leibliche Wohl sorgte der Veranstalter ebenfalls. Aus Nachhaltigkeitsgr\u00fcnden wurde die Getr\u00e4nkeausgabe nur in Flaschenform vorgenommen. Ferner wurden die angebotenen W\u00fcrstchen nur im Br\u00f6tchen ausgegeben. Auf eine Papptellerausgabe der W\u00fcrstchen wurde der Umwelt zuliebe verzichtet. Getr\u00e4nke (Euro 1,-) und W\u00fcrstchen (Euro 2,-) wurden angeboten. Symbolisch wurden 87,5 Cent an die IG entrichtet und die restlichen 12,5 Cent pro Getr\u00e4nk spendet die IG zum gegebenen Zeitpunkt an eine \u00f6rtliche gemeinn\u00fctzige Einrichtung.<\/p>\n\n\n\n<p>Des Weiteren konnten man am Sportplatz das Jubil\u00e4umsschild erwerben. Bisher haben rund einhundert Kirch-G\u00f6nser das Schild erworben und zeigen damit ihre Verbundenheit mit dem n\u00f6rdlichsten Stadtteil von Butzbach.<\/p>\n\n\n\n<p>Schirmherr William Thum und Ortsvorsteher Stefan Euler begr\u00fc\u00dften kurz die Anwesenden und freuten sich sehr \u00fcber die rege Teilnahme. Danach hie\u00df es sich aufzustellen. Die vom Bauausschuss ausgerichteten Zahlen acht, sieben und f\u00fcnf auf der Rasenfl\u00e4che wurden von den Teilnehmern betreten. Nach kurzer Nachjustierung konnte mittels Drohne durch Andrea Bergens die beindruckende Menschenmenge abgelichtet werden. Im Anschluss daran spielte der Musikzug Kirch-G\u00f6ns\/Butzbach nochmals einige Liedst\u00fccke.<\/p>\n\n\n\n<p>Unter <a href=\"http:\/\/www.875jahrekirchgoens.de\">www.875jahrekirchgoens.de<\/a> k\u00f6nnen die Impressionen zu der Veranstaltung ab sofort eingesehen werden. In diesem Zusammenhang bedankt sich die IG bei allen Helfern zu dieser Gro\u00dfveranstaltung. Am fr\u00fchen Abend verabschiedeten sich die vielen Besucher unter dem Motto: \u201eKirch-G\u00f6ns \u2013 Ein Dorf f\u00fcr alle\u201c.<\/p>\n\n\n\n<p class=\"has-text-align-center\"><a href=\"http:\/\/875jahrekirchgoens.de\/wp-content\/uploads\/2024\/09\/Grusswort-William-Thum-am-31.08.24.pdf\">Hier gibt es das Gru\u00dfwort von Schirmherr William Thum zum Nachlesen!<\/a><\/p>\n\n\n\n<figure class=\"wp-block-gallery has-nested-images columns-default is-cropped wp-block-gallery-1 is-layout-flex wp-block-gallery-is-layout-flex\">\n<figure class=\"wp-block-image size-large\"><img loading=\"lazy\" decoding=\"async\" width=\"768\" height=\"1024\" data-id=\"15692\" src=\"http:\/\/875jahrekirchgoens.de\/wp-content\/uploads\/2024\/09\/3b45a719-e73b-4a99-b0c0-5ce5a85ab9e2-768x1024.jpg\" alt=\"\" class=\"wp-image-15692\" srcset=\"http:\/\/875jahrekirchgoens.de\/wp-content\/uploads\/2024\/09\/3b45a719-e73b-4a99-b0c0-5ce5a85ab9e2-768x1024.jpg 768w, http:\/\/875jahrekirchgoens.de\/wp-content\/uploads\/2024\/09\/3b45a719-e73b-4a99-b0c0-5ce5a85ab9e2-225x300.jpg 225w, http:\/\/875jahrekirchgoens.de\/wp-content\/uploads\/2024\/09\/3b45a719-e73b-4a99-b0c0-5ce5a85ab9e2-1152x1536.jpg 1152w, http:\/\/875jahrekirchgoens.de\/wp-content\/uploads\/2024\/09\/3b45a719-e73b-4a99-b0c0-5ce5a85ab9e2.jpg 1536w\" sizes=\"auto, (max-width: 768px) 100vw, 768px\" \/><\/figure>\n\n\n\n<figure class=\"wp-block-image size-large\"><img loading=\"lazy\" decoding=\"async\" width=\"1024\" height=\"768\" data-id=\"15696\" src=\"http:\/\/875jahrekirchgoens.de\/wp-content\/uploads\/2024\/09\/a44b5e7c-4f30-4330-8f61-539a157b49e1-1024x768.jpg\" alt=\"\" class=\"wp-image-15696\" srcset=\"http:\/\/875jahrekirchgoens.de\/wp-content\/uploads\/2024\/09\/a44b5e7c-4f30-4330-8f61-539a157b49e1-1024x768.jpg 1024w, http:\/\/875jahrekirchgoens.de\/wp-content\/uploads\/2024\/09\/a44b5e7c-4f30-4330-8f61-539a157b49e1-300x225.jpg 300w, http:\/\/875jahrekirchgoens.de\/wp-content\/uploads\/2024\/09\/a44b5e7c-4f30-4330-8f61-539a157b49e1-768x576.jpg 768w, http:\/\/875jahrekirchgoens.de\/wp-content\/uploads\/2024\/09\/a44b5e7c-4f30-4330-8f61-539a157b49e1-1536x1152.jpg 1536w, http:\/\/875jahrekirchgoens.de\/wp-content\/uploads\/2024\/09\/a44b5e7c-4f30-4330-8f61-539a157b49e1.jpg 2048w\" sizes=\"auto, (max-width: 1024px) 100vw, 1024px\" \/><\/figure>\n\n\n\n<figure class=\"wp-block-image size-large\"><img loading=\"lazy\" decoding=\"async\" width=\"1024\" height=\"768\" data-id=\"15690\" src=\"http:\/\/875jahrekirchgoens.de\/wp-content\/uploads\/2024\/09\/be0df409-560c-4987-924b-189b74db3a34-1024x768.jpg\" alt=\"\" class=\"wp-image-15690\" srcset=\"http:\/\/875jahrekirchgoens.de\/wp-content\/uploads\/2024\/09\/be0df409-560c-4987-924b-189b74db3a34-1024x768.jpg 1024w, http:\/\/875jahrekirchgoens.de\/wp-content\/uploads\/2024\/09\/be0df409-560c-4987-924b-189b74db3a34-300x225.jpg 300w, http:\/\/875jahrekirchgoens.de\/wp-content\/uploads\/2024\/09\/be0df409-560c-4987-924b-189b74db3a34-768x576.jpg 768w, http:\/\/875jahrekirchgoens.de\/wp-content\/uploads\/2024\/09\/be0df409-560c-4987-924b-189b74db3a34-1536x1152.jpg 1536w, http:\/\/875jahrekirchgoens.de\/wp-content\/uploads\/2024\/09\/be0df409-560c-4987-924b-189b74db3a34.jpg 2048w\" sizes=\"auto, (max-width: 1024px) 100vw, 1024px\" \/><\/figure>\n\n\n\n<figure class=\"wp-block-image size-large\"><img loading=\"lazy\" decoding=\"async\" width=\"1024\" height=\"768\" data-id=\"15693\" src=\"http:\/\/875jahrekirchgoens.de\/wp-content\/uploads\/2024\/09\/2024_08_31_875-Jahre-Kirch-Goens-Drohnenbilder-258-1024x768.jpg\" alt=\"\" class=\"wp-image-15693\" srcset=\"http:\/\/875jahrekirchgoens.de\/wp-content\/uploads\/2024\/09\/2024_08_31_875-Jahre-Kirch-Goens-Drohnenbilder-258-1024x768.jpg 1024w, http:\/\/875jahrekirchgoens.de\/wp-content\/uploads\/2024\/09\/2024_08_31_875-Jahre-Kirch-Goens-Drohnenbilder-258-300x225.jpg 300w, http:\/\/875jahrekirchgoens.de\/wp-content\/uploads\/2024\/09\/2024_08_31_875-Jahre-Kirch-Goens-Drohnenbilder-258-768x576.jpg 768w, http:\/\/875jahrekirchgoens.de\/wp-content\/uploads\/2024\/09\/2024_08_31_875-Jahre-Kirch-Goens-Drohnenbilder-258-1536x1152.jpg 1536w, http:\/\/875jahrekirchgoens.de\/wp-content\/uploads\/2024\/09\/2024_08_31_875-Jahre-Kirch-Goens-Drohnenbilder-258-2048x1536.jpg 2048w\" sizes=\"auto, (max-width: 1024px) 100vw, 1024px\" \/><\/figure>\n\n\n\n<figure class=\"wp-block-image size-large\"><img loading=\"lazy\" decoding=\"async\" width=\"1024\" height=\"768\" data-id=\"15691\" src=\"http:\/\/875jahrekirchgoens.de\/wp-content\/uploads\/2024\/09\/IMG_4684-1024x768.jpg\" alt=\"\" class=\"wp-image-15691\" srcset=\"http:\/\/875jahrekirchgoens.de\/wp-content\/uploads\/2024\/09\/IMG_4684-1024x768.jpg 1024w, http:\/\/875jahrekirchgoens.de\/wp-content\/uploads\/2024\/09\/IMG_4684-300x225.jpg 300w, http:\/\/875jahrekirchgoens.de\/wp-content\/uploads\/2024\/09\/IMG_4684-768x576.jpg 768w, http:\/\/875jahrekirchgoens.de\/wp-content\/uploads\/2024\/09\/IMG_4684-1536x1152.jpg 1536w, http:\/\/875jahrekirchgoens.de\/wp-content\/uploads\/2024\/09\/IMG_4684-2048x1536.jpg 2048w\" sizes=\"auto, (max-width: 1024px) 100vw, 1024px\" \/><\/figure>\n\n\n\n<figure class=\"wp-block-image size-large\"><img loading=\"lazy\" decoding=\"async\" width=\"1024\" height=\"576\" data-id=\"15695\" src=\"http:\/\/875jahrekirchgoens.de\/wp-content\/uploads\/2024\/09\/2024_08_31_875-Jahre-Kirch-Goens-Drohnenbilder-358-1024x576.jpg\" alt=\"\" class=\"wp-image-15695\" srcset=\"http:\/\/875jahrekirchgoens.de\/wp-content\/uploads\/2024\/09\/2024_08_31_875-Jahre-Kirch-Goens-Drohnenbilder-358-1024x576.jpg 1024w, http:\/\/875jahrekirchgoens.de\/wp-content\/uploads\/2024\/09\/2024_08_31_875-Jahre-Kirch-Goens-Drohnenbilder-358-300x169.jpg 300w, http:\/\/875jahrekirchgoens.de\/wp-content\/uploads\/2024\/09\/2024_08_31_875-Jahre-Kirch-Goens-Drohnenbilder-358-768x432.jpg 768w, http:\/\/875jahrekirchgoens.de\/wp-content\/uploads\/2024\/09\/2024_08_31_875-Jahre-Kirch-Goens-Drohnenbilder-358-1536x864.jpg 1536w, http:\/\/875jahrekirchgoens.de\/wp-content\/uploads\/2024\/09\/2024_08_31_875-Jahre-Kirch-Goens-Drohnenbilder-358.jpg 1600w\" sizes=\"auto, (max-width: 1024px) 100vw, 1024px\" \/><\/figure>\n<\/figure>\n\n\n\n<figure class=\"wp-block-gallery has-nested-images columns-default is-cropped wp-block-gallery-2 is-layout-flex wp-block-gallery-is-layout-flex\">\n<figure class=\"wp-block-image size-large\"><img loading=\"lazy\" decoding=\"async\" width=\"1024\" height=\"683\" data-id=\"15720\" src=\"http:\/\/875jahrekirchgoens.de\/wp-content\/uploads\/2024\/09\/875-Jahre_057-1024x683.jpg\" alt=\"\" class=\"wp-image-15720\" srcset=\"http:\/\/875jahrekirchgoens.de\/wp-content\/uploads\/2024\/09\/875-Jahre_057-1024x683.jpg 1024w, http:\/\/875jahrekirchgoens.de\/wp-content\/uploads\/2024\/09\/875-Jahre_057-300x200.jpg 300w, http:\/\/875jahrekirchgoens.de\/wp-content\/uploads\/2024\/09\/875-Jahre_057-768x512.jpg 768w, http:\/\/875jahrekirchgoens.de\/wp-content\/uploads\/2024\/09\/875-Jahre_057-1536x1024.jpg 1536w, http:\/\/875jahrekirchgoens.de\/wp-content\/uploads\/2024\/09\/875-Jahre_057.jpg 2048w\" sizes=\"auto, (max-width: 1024px) 100vw, 1024px\" \/><\/figure>\n\n\n\n<figure class=\"wp-block-image size-large\"><img loading=\"lazy\" decoding=\"async\" width=\"1024\" height=\"768\" data-id=\"15719\" src=\"http:\/\/875jahrekirchgoens.de\/wp-content\/uploads\/2024\/09\/875-Jahre_051-1024x768.jpg\" alt=\"\" class=\"wp-image-15719\" srcset=\"http:\/\/875jahrekirchgoens.de\/wp-content\/uploads\/2024\/09\/875-Jahre_051-1024x768.jpg 1024w, http:\/\/875jahrekirchgoens.de\/wp-content\/uploads\/2024\/09\/875-Jahre_051-300x225.jpg 300w, http:\/\/875jahrekirchgoens.de\/wp-content\/uploads\/2024\/09\/875-Jahre_051-768x576.jpg 768w, http:\/\/875jahrekirchgoens.de\/wp-content\/uploads\/2024\/09\/875-Jahre_051-1536x1152.jpg 1536w, http:\/\/875jahrekirchgoens.de\/wp-content\/uploads\/2024\/09\/875-Jahre_051.jpg 2048w\" sizes=\"auto, (max-width: 1024px) 100vw, 1024px\" \/><\/figure>\n\n\n\n<figure class=\"wp-block-image size-large\"><img loading=\"lazy\" decoding=\"async\" width=\"1024\" height=\"683\" data-id=\"15718\" src=\"http:\/\/875jahrekirchgoens.de\/wp-content\/uploads\/2024\/09\/875-Jahre_048-1024x683.jpg\" alt=\"\" class=\"wp-image-15718\" srcset=\"http:\/\/875jahrekirchgoens.de\/wp-content\/uploads\/2024\/09\/875-Jahre_048-1024x683.jpg 1024w, http:\/\/875jahrekirchgoens.de\/wp-content\/uploads\/2024\/09\/875-Jahre_048-300x200.jpg 300w, http:\/\/875jahrekirchgoens.de\/wp-content\/uploads\/2024\/09\/875-Jahre_048-768x512.jpg 768w, http:\/\/875jahrekirchgoens.de\/wp-content\/uploads\/2024\/09\/875-Jahre_048-1536x1024.jpg 1536w, http:\/\/875jahrekirchgoens.de\/wp-content\/uploads\/2024\/09\/875-Jahre_048.jpg 2048w\" sizes=\"auto, (max-width: 1024px) 100vw, 1024px\" \/><\/figure>\n\n\n\n<figure class=\"wp-block-image size-large\"><img loading=\"lazy\" decoding=\"async\" width=\"1024\" height=\"683\" data-id=\"15717\" src=\"http:\/\/875jahrekirchgoens.de\/wp-content\/uploads\/2024\/09\/875-Jahre_045-1024x683.jpg\" alt=\"\" class=\"wp-image-15717\" srcset=\"http:\/\/875jahrekirchgoens.de\/wp-content\/uploads\/2024\/09\/875-Jahre_045-1024x683.jpg 1024w, http:\/\/875jahrekirchgoens.de\/wp-content\/uploads\/2024\/09\/875-Jahre_045-300x200.jpg 300w, http:\/\/875jahrekirchgoens.de\/wp-content\/uploads\/2024\/09\/875-Jahre_045-768x512.jpg 768w, http:\/\/875jahrekirchgoens.de\/wp-content\/uploads\/2024\/09\/875-Jahre_045-1536x1025.jpg 1536w, http:\/\/875jahrekirchgoens.de\/wp-content\/uploads\/2024\/09\/875-Jahre_045.jpg 2048w\" sizes=\"auto, (max-width: 1024px) 100vw, 1024px\" \/><\/figure>\n\n\n\n<figure class=\"wp-block-image size-large\"><img loading=\"lazy\" decoding=\"async\" width=\"1024\" height=\"683\" data-id=\"15716\" src=\"http:\/\/875jahrekirchgoens.de\/wp-content\/uploads\/2024\/09\/875-Jahre_042-1024x683.jpg\" alt=\"\" class=\"wp-image-15716\" srcset=\"http:\/\/875jahrekirchgoens.de\/wp-content\/uploads\/2024\/09\/875-Jahre_042-1024x683.jpg 1024w, http:\/\/875jahrekirchgoens.de\/wp-content\/uploads\/2024\/09\/875-Jahre_042-300x200.jpg 300w, http:\/\/875jahrekirchgoens.de\/wp-content\/uploads\/2024\/09\/875-Jahre_042-768x512.jpg 768w, http:\/\/875jahrekirchgoens.de\/wp-content\/uploads\/2024\/09\/875-Jahre_042-1536x1025.jpg 1536w, http:\/\/875jahrekirchgoens.de\/wp-content\/uploads\/2024\/09\/875-Jahre_042.jpg 2048w\" sizes=\"auto, (max-width: 1024px) 100vw, 1024px\" \/><\/figure>\n\n\n\n<figure class=\"wp-block-image size-large\"><img loading=\"lazy\" decoding=\"async\" width=\"1024\" height=\"768\" data-id=\"15715\" src=\"http:\/\/875jahrekirchgoens.de\/wp-content\/uploads\/2024\/09\/875-Jahre_030-1024x768.jpg\" alt=\"\" class=\"wp-image-15715\" srcset=\"http:\/\/875jahrekirchgoens.de\/wp-content\/uploads\/2024\/09\/875-Jahre_030-1024x768.jpg 1024w, http:\/\/875jahrekirchgoens.de\/wp-content\/uploads\/2024\/09\/875-Jahre_030-300x225.jpg 300w, http:\/\/875jahrekirchgoens.de\/wp-content\/uploads\/2024\/09\/875-Jahre_030-768x576.jpg 768w, http:\/\/875jahrekirchgoens.de\/wp-content\/uploads\/2024\/09\/875-Jahre_030-1536x1152.jpg 1536w, http:\/\/875jahrekirchgoens.de\/wp-content\/uploads\/2024\/09\/875-Jahre_030.jpg 2048w\" sizes=\"auto, (max-width: 1024px) 100vw, 1024px\" \/><\/figure>\n\n\n\n<figure class=\"wp-block-image size-large\"><img loading=\"lazy\" decoding=\"async\" width=\"1024\" height=\"768\" data-id=\"15714\" src=\"http:\/\/875jahrekirchgoens.de\/wp-content\/uploads\/2024\/09\/875-Jahre_014-1024x768.jpg\" alt=\"\" class=\"wp-image-15714\" srcset=\"http:\/\/875jahrekirchgoens.de\/wp-content\/uploads\/2024\/09\/875-Jahre_014-1024x768.jpg 1024w, http:\/\/875jahrekirchgoens.de\/wp-content\/uploads\/2024\/09\/875-Jahre_014-300x225.jpg 300w, http:\/\/875jahrekirchgoens.de\/wp-content\/uploads\/2024\/09\/875-Jahre_014-768x576.jpg 768w, http:\/\/875jahrekirchgoens.de\/wp-content\/uploads\/2024\/09\/875-Jahre_014-1536x1152.jpg 1536w, http:\/\/875jahrekirchgoens.de\/wp-content\/uploads\/2024\/09\/875-Jahre_014.jpg 2048w\" sizes=\"auto, (max-width: 1024px) 100vw, 1024px\" \/><\/figure>\n\n\n\n<figure class=\"wp-block-image size-large\"><img loading=\"lazy\" decoding=\"async\" width=\"1024\" height=\"683\" data-id=\"15713\" src=\"http:\/\/875jahrekirchgoens.de\/wp-content\/uploads\/2024\/09\/875-Jahre_002-1024x683.jpg\" alt=\"\" class=\"wp-image-15713\" srcset=\"http:\/\/875jahrekirchgoens.de\/wp-content\/uploads\/2024\/09\/875-Jahre_002-1024x683.jpg 1024w, http:\/\/875jahrekirchgoens.de\/wp-content\/uploads\/2024\/09\/875-Jahre_002-300x200.jpg 300w, http:\/\/875jahrekirchgoens.de\/wp-content\/uploads\/2024\/09\/875-Jahre_002-768x512.jpg 768w, http:\/\/875jahrekirchgoens.de\/wp-content\/uploads\/2024\/09\/875-Jahre_002-1536x1025.jpg 1536w, http:\/\/875jahrekirchgoens.de\/wp-content\/uploads\/2024\/09\/875-Jahre_002.jpg 2048w\" sizes=\"auto, (max-width: 1024px) 100vw, 1024px\" \/><\/figure>\n\n\n\n<figure class=\"wp-block-image size-large\"><img loading=\"lazy\" decoding=\"async\" width=\"1024\" height=\"683\" data-id=\"15711\" src=\"http:\/\/875jahrekirchgoens.de\/wp-content\/uploads\/2024\/09\/875-Jahre_065-1024x683.jpg\" alt=\"\" class=\"wp-image-15711\" srcset=\"http:\/\/875jahrekirchgoens.de\/wp-content\/uploads\/2024\/09\/875-Jahre_065-1024x683.jpg 1024w, http:\/\/875jahrekirchgoens.de\/wp-content\/uploads\/2024\/09\/875-Jahre_065-300x200.jpg 300w, http:\/\/875jahrekirchgoens.de\/wp-content\/uploads\/2024\/09\/875-Jahre_065-768x512.jpg 768w, http:\/\/875jahrekirchgoens.de\/wp-content\/uploads\/2024\/09\/875-Jahre_065-1536x1025.jpg 1536w, http:\/\/875jahrekirchgoens.de\/wp-content\/uploads\/2024\/09\/875-Jahre_065.jpg 2048w\" sizes=\"auto, (max-width: 1024px) 100vw, 1024px\" \/><\/figure>\n\n\n\n<figure class=\"wp-block-image size-large\"><img loading=\"lazy\" decoding=\"async\" width=\"1024\" height=\"683\" data-id=\"15710\" src=\"http:\/\/875jahrekirchgoens.de\/wp-content\/uploads\/2024\/09\/875-Jahre_058-1024x683.jpg\" alt=\"\" class=\"wp-image-15710\" srcset=\"http:\/\/875jahrekirchgoens.de\/wp-content\/uploads\/2024\/09\/875-Jahre_058-1024x683.jpg 1024w, http:\/\/875jahrekirchgoens.de\/wp-content\/uploads\/2024\/09\/875-Jahre_058-300x200.jpg 300w, http:\/\/875jahrekirchgoens.de\/wp-content\/uploads\/2024\/09\/875-Jahre_058-768x512.jpg 768w, http:\/\/875jahrekirchgoens.de\/wp-content\/uploads\/2024\/09\/875-Jahre_058-1536x1025.jpg 1536w, http:\/\/875jahrekirchgoens.de\/wp-content\/uploads\/2024\/09\/875-Jahre_058.jpg 2048w\" sizes=\"auto, (max-width: 1024px) 100vw, 1024px\" \/><\/figure>\n<\/figure>\n","protected":false},"excerpt":{"rendered":"<p>Interessengemeinschaft ist \u00fcberw\u00e4ltig von der Teilnahme (Mz.) Zum Gro\u00dfevent in Kirch-G\u00f6ns am vergangenen Samstag, konnte der Veranstalter &#8211; die Interessengemeinschaft der Kirch-G\u00f6nser Vereine und Gruppierungen &#8211; insgesamt 607 Menschen begr\u00fc\u00dfen und ist \u00fcberw\u00e4ltig von der Teilnahme. IG-Vorsitzende Michael Tiedemann gegen\u00fcber der BZ: \u201eWir sind \u00fcbergl\u00fccklich zu der gelungenen Auftaktveranstaltung zur 875-Jahr-Feier im n\u00e4chsten Jahr. Unsere &#8230; <a title=\"Viele Menschen auf dem Sportplatz\" class=\"read-more\" href=\"http:\/\/875jahrekirchgoens.de\/?p=15694\" aria-label=\"Mehr Informationen \u00fcber Viele Menschen auf dem Sportplatz\">Weiterlesen<\/a><\/p>\n","protected":false},"author":1,"featured_media":0,"comment_status":"closed","ping_status":"open","sticky":false,"template":"","format":"standard","meta":{"footnotes":""},"categories":[1],"tags":[],"class_list":["post-15694","post","type-post","status-publish","format-standard","hentry","category-infos"],"_links":{"self":[{"href":"http:\/\/875jahrekirchgoens.de\/index.php?rest_route=\/wp\/v2\/posts\/15694","targetHints":{"allow":["GET"]}}],"collection":[{"href":"http:\/\/875jahrekirchgoens.de\/index.php?rest_route=\/wp\/v2\/posts"}],"about":[{"href":"http:\/\/875jahrekirchgoens.de\/index.php?rest_route=\/wp\/v2\/types\/post"}],"author":[{"embeddable":true,"href":"http:\/\/875jahrekirchgoens.de\/index.php?rest_route=\/wp\/v2\/users\/1"}],"replies":[{"embeddable":true,"href":"http:\/\/875jahrekirchgoens.de\/index.php?rest_route=%2Fwp%2Fv2%2Fcomments&post=15694"}],"version-history":[{"count":4,"href":"http:\/\/875jahrekirchgoens.de\/index.php?rest_route=\/wp\/v2\/posts\/15694\/revisions"}],"predecessor-version":[{"id":15722,"href":"http:\/\/875jahrekirchgoens.de\/index.php?rest_route=\/wp\/v2\/posts\/15694\/revisions\/15722"}],"wp:attachment":[{"href":"http:\/\/875jahrekirchgoens.de\/index.php?rest_route=%2Fwp%2Fv2%2Fmedia&parent=15694"}],"wp:term":[{"taxonomy":"category","embeddable":true,"href":"http:\/\/875jahrekirchgoens.de\/index.php?rest_route=%2Fwp%2Fv2%2Fcategories&post=15694"},{"taxonomy":"post_tag","embeddable":true,"href":"http:\/\/875jahrekirchgoens.de\/index.php?rest_route=%2Fwp%2Fv2%2Ftags&post=15694"}],"curies":[{"name":"wp","href":"https:\/\/api.w.org\/{rel}","templated":true}]}}