{"id":15706,"date":"2024-09-08T07:23:42","date_gmt":"2024-09-08T07:23:42","guid":{"rendered":"http:\/\/875jahrekirchgoens.de\/?p=15706"},"modified":"2024-09-09T07:24:45","modified_gmt":"2024-09-09T07:24:45","slug":"55-jahre-kirch-goenser-wappen","status":"publish","type":"post","link":"http:\/\/875jahrekirchgoens.de\/?p=15706","title":{"rendered":"55 Jahre Kirch-G\u00f6nser Wappen"},"content":{"rendered":"\n<p>(Mz.) Kurz vor dem 875ten Jubil\u00e4umsjahr in 2025 ist ein weiterer Gedenktag des n\u00f6rdlichsten Stadtteils von Butzbach in Kirch-G\u00f6ns zu erw\u00e4hnen. Das moderne und am 8. September 1969 vom Hessischen Innenministerium der Gemeinde Kirch-G\u00f6ns genehmigte Ortswappen symbolisiert in mehrfacher Hinsicht in gewissen Kernelementen die \u00fcber Jahrhunderte bestehende Herrschaft der Familie von G\u00f6ns \u00fcber das Dorf und auch ihre Urspr\u00fcnge: Es zeigt in Rot \u00fcber zwei gekreuzten goldenen Schwertern einen silbernen Kirchturm mit goldener T\u00fcr und romanischem Doppelfenster, bekr\u00f6nt von einem rechtsgewendeten Hahn \u00fcber einem rhombisch gefassten Turmkreuz. Das Gemeindewappen zeigt die gekreuzten Schwerter aus dem (durch Siegelbilder mehrfach \u00fcberlieferten) Wappen der ehemaligen Ortsherren von G\u00f6ns. Vorrangig dargestellt ist der baugeschichtlich bedeutende Turm der Kirche des Ortes, die ebenso der Familie von G\u00f6ns als Patronatsherren geh\u00f6rte. Das letzte m\u00e4nnliche Mitglied der niederadligen Familie von G\u00f6ns (zumindest in ihrem mittelhessischen Wirkungsbereich) war Johann Ernst von G\u00f6ns, der als gr\u00e4flich-solmsischer Amtmann in Greifenstein wirkte und am 5. M\u00e4rz 1587 im Alter von 57 Jahren an seinem Wohnort Kinzenbach verstarb, wo er nach dem erhaltenen Leichenstein auf dem dortigen Friedhof auch bestattet wurde. Mit ihm ist \u201eoffiziell&#8220; die Adelsfamilie (im Mannesstamm) ausgestorben.<\/p>\n\n\n\n<figure class=\"wp-block-image size-large\"><img loading=\"lazy\" decoding=\"async\" width=\"957\" height=\"1024\" src=\"http:\/\/875jahrekirchgoens.de\/wp-content\/uploads\/2024\/09\/Wappen-Kirch-Goens-957x1024.jpg\" alt=\"\" class=\"wp-image-15707\" srcset=\"http:\/\/875jahrekirchgoens.de\/wp-content\/uploads\/2024\/09\/Wappen-Kirch-Goens-957x1024.jpg 957w, http:\/\/875jahrekirchgoens.de\/wp-content\/uploads\/2024\/09\/Wappen-Kirch-Goens-280x300.jpg 280w, http:\/\/875jahrekirchgoens.de\/wp-content\/uploads\/2024\/09\/Wappen-Kirch-Goens-768x821.jpg 768w, http:\/\/875jahrekirchgoens.de\/wp-content\/uploads\/2024\/09\/Wappen-Kirch-Goens-1436x1536.jpg 1436w, http:\/\/875jahrekirchgoens.de\/wp-content\/uploads\/2024\/09\/Wappen-Kirch-Goens-1915x2048.jpg 1915w, http:\/\/875jahrekirchgoens.de\/wp-content\/uploads\/2024\/09\/Wappen-Kirch-Goens.jpg 2041w\" sizes=\"auto, (max-width: 957px) 100vw, 957px\" \/><\/figure>\n","protected":false},"excerpt":{"rendered":"<p>(Mz.) Kurz vor dem 875ten Jubil\u00e4umsjahr in 2025 ist ein weiterer Gedenktag des n\u00f6rdlichsten Stadtteils von Butzbach in Kirch-G\u00f6ns zu erw\u00e4hnen. Das moderne und am 8. September 1969 vom Hessischen Innenministerium der Gemeinde Kirch-G\u00f6ns genehmigte Ortswappen symbolisiert in mehrfacher Hinsicht in gewissen Kernelementen die \u00fcber Jahrhunderte bestehende Herrschaft der Familie von G\u00f6ns \u00fcber das Dorf &#8230; <a title=\"55 Jahre Kirch-G\u00f6nser Wappen\" class=\"read-more\" href=\"http:\/\/875jahrekirchgoens.de\/?p=15706\" aria-label=\"Mehr Informationen \u00fcber 55 Jahre Kirch-G\u00f6nser Wappen\">Weiterlesen<\/a><\/p>\n","protected":false},"author":1,"featured_media":0,"comment_status":"closed","ping_status":"open","sticky":false,"template":"","format":"standard","meta":{"footnotes":""},"categories":[1],"tags":[],"class_list":["post-15706","post","type-post","status-publish","format-standard","hentry","category-infos"],"_links":{"self":[{"href":"http:\/\/875jahrekirchgoens.de\/index.php?rest_route=\/wp\/v2\/posts\/15706","targetHints":{"allow":["GET"]}}],"collection":[{"href":"http:\/\/875jahrekirchgoens.de\/index.php?rest_route=\/wp\/v2\/posts"}],"about":[{"href":"http:\/\/875jahrekirchgoens.de\/index.php?rest_route=\/wp\/v2\/types\/post"}],"author":[{"embeddable":true,"href":"http:\/\/875jahrekirchgoens.de\/index.php?rest_route=\/wp\/v2\/users\/1"}],"replies":[{"embeddable":true,"href":"http:\/\/875jahrekirchgoens.de\/index.php?rest_route=%2Fwp%2Fv2%2Fcomments&post=15706"}],"version-history":[{"count":1,"href":"http:\/\/875jahrekirchgoens.de\/index.php?rest_route=\/wp\/v2\/posts\/15706\/revisions"}],"predecessor-version":[{"id":15708,"href":"http:\/\/875jahrekirchgoens.de\/index.php?rest_route=\/wp\/v2\/posts\/15706\/revisions\/15708"}],"wp:attachment":[{"href":"http:\/\/875jahrekirchgoens.de\/index.php?rest_route=%2Fwp%2Fv2%2Fmedia&parent=15706"}],"wp:term":[{"taxonomy":"category","embeddable":true,"href":"http:\/\/875jahrekirchgoens.de\/index.php?rest_route=%2Fwp%2Fv2%2Fcategories&post=15706"},{"taxonomy":"post_tag","embeddable":true,"href":"http:\/\/875jahrekirchgoens.de\/index.php?rest_route=%2Fwp%2Fv2%2Ftags&post=15706"}],"curies":[{"name":"wp","href":"https:\/\/api.w.org\/{rel}","templated":true}]}}