{"id":15725,"date":"2024-07-01T08:35:21","date_gmt":"2024-07-01T08:35:21","guid":{"rendered":"http:\/\/875jahrekirchgoens.de\/?p=15725"},"modified":"2024-09-28T08:37:43","modified_gmt":"2024-09-28T08:37:43","slug":"fahrt-mit-nerobergbahn-ein-erlebnis","status":"publish","type":"post","link":"http:\/\/875jahrekirchgoens.de\/?p=15725","title":{"rendered":"Fahrt mit Nerobergbahn &#8211; ein Erlebnis"},"content":{"rendered":"\n<p><em>Ausflug des Kindergartens und des \u00bbK\u00fckennests\u00ab Kirch-G\u00f6ns nach Wiesbaden<\/em><\/p>\n\n\n\n<p>Auch in diesem Jahr sind die Kinder des Kindergartens und des \u00bbK\u00fckennests\u00ab Kirch-G\u00f6ns wieder auf gro\u00dfer Fahrt gewesen. Mit zwei Bussen starteten die Kinder und das p\u00e4dagogische Team morgens fr\u00fch mit dem Ziel Wiesbaden. Das berichtet die Stadtverwaltung Butzbach. In der Landeshauptstadt angekommen, war die Aufregung dann sehr gro\u00df, da es mit der Bergbahn auf den Neroberg ging. Die Bahn f\u00e4hrt seit 1888 und wird mit reiner Wasserkraft betrieben. Nach einem ausgiebigen Picknick ging es in kleinen Gruppen \u00fcber den Erlebnispfad zum Spielen und Toben in den Wald. Zum Mittagessen trafen sich alle im Turmrestaurant und freuten sich \u00fcber Pommes und Eis zum Nachtisch. Am sp\u00e4ten Nachmittag begr\u00fc\u00dften alle Eltern ihre gl\u00fccklichen, aber sehr ersch\u00f6pften Kinder wieder in Kirch-G\u00f6ns. Es war ein toller Tag &#8211; sowohl f\u00fcr die Kinder als auch das p\u00e4dagogische Team &#8211; und ein Erlebnis, das in Erinnerung bleiben wird, sind sich alle Beteiligten des Ausflugs sicher.<\/p>\n\n\n\n<p>Quelle und Bild: Butzbacher Zeitung vom 1. Juli 2024<\/p>\n\n\n\n<p>Kinder des Kirch-G\u00f6nser Kindergartens und des \u00bbK\u00fckennests\u00ab genie\u00dfen den Ausflug<\/p>\n\n\n\n<figure class=\"wp-block-image size-full\"><img loading=\"lazy\" decoding=\"async\" width=\"341\" height=\"149\" src=\"http:\/\/875jahrekirchgoens.de\/wp-content\/uploads\/2024\/09\/Nerobergbahn.png\" alt=\"\" class=\"wp-image-15726\" srcset=\"http:\/\/875jahrekirchgoens.de\/wp-content\/uploads\/2024\/09\/Nerobergbahn.png 341w, http:\/\/875jahrekirchgoens.de\/wp-content\/uploads\/2024\/09\/Nerobergbahn-300x131.png 300w\" sizes=\"auto, (max-width: 341px) 100vw, 341px\" \/><\/figure>\n","protected":false},"excerpt":{"rendered":"<p>Ausflug des Kindergartens und des \u00bbK\u00fckennests\u00ab Kirch-G\u00f6ns nach Wiesbaden Auch in diesem Jahr sind die Kinder des Kindergartens und des \u00bbK\u00fckennests\u00ab Kirch-G\u00f6ns wieder auf gro\u00dfer Fahrt gewesen. Mit zwei Bussen starteten die Kinder und das p\u00e4dagogische Team morgens fr\u00fch mit dem Ziel Wiesbaden. Das berichtet die Stadtverwaltung Butzbach. In der Landeshauptstadt angekommen, war die Aufregung &#8230; <a title=\"Fahrt mit Nerobergbahn &#8211; ein Erlebnis\" class=\"read-more\" href=\"http:\/\/875jahrekirchgoens.de\/?p=15725\" aria-label=\"Mehr Informationen \u00fcber Fahrt mit Nerobergbahn &#8211; ein Erlebnis\">Weiterlesen<\/a><\/p>\n","protected":false},"author":1,"featured_media":0,"comment_status":"closed","ping_status":"open","sticky":false,"template":"","format":"standard","meta":{"footnotes":""},"categories":[1],"tags":[],"class_list":["post-15725","post","type-post","status-publish","format-standard","hentry","category-infos"],"_links":{"self":[{"href":"http:\/\/875jahrekirchgoens.de\/index.php?rest_route=\/wp\/v2\/posts\/15725","targetHints":{"allow":["GET"]}}],"collection":[{"href":"http:\/\/875jahrekirchgoens.de\/index.php?rest_route=\/wp\/v2\/posts"}],"about":[{"href":"http:\/\/875jahrekirchgoens.de\/index.php?rest_route=\/wp\/v2\/types\/post"}],"author":[{"embeddable":true,"href":"http:\/\/875jahrekirchgoens.de\/index.php?rest_route=\/wp\/v2\/users\/1"}],"replies":[{"embeddable":true,"href":"http:\/\/875jahrekirchgoens.de\/index.php?rest_route=%2Fwp%2Fv2%2Fcomments&post=15725"}],"version-history":[{"count":1,"href":"http:\/\/875jahrekirchgoens.de\/index.php?rest_route=\/wp\/v2\/posts\/15725\/revisions"}],"predecessor-version":[{"id":15727,"href":"http:\/\/875jahrekirchgoens.de\/index.php?rest_route=\/wp\/v2\/posts\/15725\/revisions\/15727"}],"wp:attachment":[{"href":"http:\/\/875jahrekirchgoens.de\/index.php?rest_route=%2Fwp%2Fv2%2Fmedia&parent=15725"}],"wp:term":[{"taxonomy":"category","embeddable":true,"href":"http:\/\/875jahrekirchgoens.de\/index.php?rest_route=%2Fwp%2Fv2%2Fcategories&post=15725"},{"taxonomy":"post_tag","embeddable":true,"href":"http:\/\/875jahrekirchgoens.de\/index.php?rest_route=%2Fwp%2Fv2%2Ftags&post=15725"}],"curies":[{"name":"wp","href":"https:\/\/api.w.org\/{rel}","templated":true}]}}