{"id":15737,"date":"2024-09-02T08:42:55","date_gmt":"2024-09-02T08:42:55","guid":{"rendered":"http:\/\/875jahrekirchgoens.de\/?p=15737"},"modified":"2024-09-28T08:43:38","modified_gmt":"2024-09-28T08:43:38","slug":"mittagstisch-in-kirch-goens","status":"publish","type":"post","link":"http:\/\/875jahrekirchgoens.de\/?p=15737","title":{"rendered":"Mittagstisch in Kirch-G\u00f6ns"},"content":{"rendered":"\n<p>Der Miteinander-Mittagstisch der evangelischen Kirchengemeinde Kirch-\/Pohl-G\u00f6ns bietet am Mittwoch, 11. September, ab 12 Uhr Schnitzel mit Kartoffelsalat, Dessert und Kaffee im B\u00fcrgerhaus Kirch-G\u00f6ns an. Jeder ist willkommen, egal welchen Alters, Herkunft, Religion. Die R\u00e4ume sind ab 11 Uhr ge\u00f6ffnet. Anmeldungen sind bis Donnerstag, 5. September, \u00fcber das Gemeindeb\u00fcro m\u00f6glich, Tel.: Tel.: 06033-60941, E-Mail: <a href=\"mailto:gemeindebuero@evkpg.de\">gemeindebuero@evkpg.de<\/a> \u2013 Namen und Anzahl der Essenbestellungen nennen. F\u00fcr Essenabholungen\/-mitnahmen Beh\u00e4ltnisse mitbringen, bei Verhinderung abmelden oder das Essen abholen lassen, bittet der Veranstalter.<\/p>\n\n\n\n<p>Quelle: Butzbacher Zeitung vom 2. September 2024<\/p>\n","protected":false},"excerpt":{"rendered":"<p>Der Miteinander-Mittagstisch der evangelischen Kirchengemeinde Kirch-\/Pohl-G\u00f6ns bietet am Mittwoch, 11. September, ab 12 Uhr Schnitzel mit Kartoffelsalat, Dessert und Kaffee im B\u00fcrgerhaus Kirch-G\u00f6ns an. Jeder ist willkommen, egal welchen Alters, Herkunft, Religion. Die R\u00e4ume sind ab 11 Uhr ge\u00f6ffnet. Anmeldungen sind bis Donnerstag, 5. September, \u00fcber das Gemeindeb\u00fcro m\u00f6glich, Tel.: Tel.: 06033-60941, E-Mail: gemeindebuero@evkpg.de \u2013 &#8230; <a title=\"Mittagstisch in Kirch-G\u00f6ns\" class=\"read-more\" href=\"http:\/\/875jahrekirchgoens.de\/?p=15737\" aria-label=\"Mehr Informationen \u00fcber Mittagstisch in Kirch-G\u00f6ns\">Weiterlesen<\/a><\/p>\n","protected":false},"author":1,"featured_media":0,"comment_status":"closed","ping_status":"open","sticky":false,"template":"","format":"standard","meta":{"footnotes":""},"categories":[1],"tags":[],"class_list":["post-15737","post","type-post","status-publish","format-standard","hentry","category-infos"],"_links":{"self":[{"href":"http:\/\/875jahrekirchgoens.de\/index.php?rest_route=\/wp\/v2\/posts\/15737","targetHints":{"allow":["GET"]}}],"collection":[{"href":"http:\/\/875jahrekirchgoens.de\/index.php?rest_route=\/wp\/v2\/posts"}],"about":[{"href":"http:\/\/875jahrekirchgoens.de\/index.php?rest_route=\/wp\/v2\/types\/post"}],"author":[{"embeddable":true,"href":"http:\/\/875jahrekirchgoens.de\/index.php?rest_route=\/wp\/v2\/users\/1"}],"replies":[{"embeddable":true,"href":"http:\/\/875jahrekirchgoens.de\/index.php?rest_route=%2Fwp%2Fv2%2Fcomments&post=15737"}],"version-history":[{"count":1,"href":"http:\/\/875jahrekirchgoens.de\/index.php?rest_route=\/wp\/v2\/posts\/15737\/revisions"}],"predecessor-version":[{"id":15738,"href":"http:\/\/875jahrekirchgoens.de\/index.php?rest_route=\/wp\/v2\/posts\/15737\/revisions\/15738"}],"wp:attachment":[{"href":"http:\/\/875jahrekirchgoens.de\/index.php?rest_route=%2Fwp%2Fv2%2Fmedia&parent=15737"}],"wp:term":[{"taxonomy":"category","embeddable":true,"href":"http:\/\/875jahrekirchgoens.de\/index.php?rest_route=%2Fwp%2Fv2%2Fcategories&post=15737"},{"taxonomy":"post_tag","embeddable":true,"href":"http:\/\/875jahrekirchgoens.de\/index.php?rest_route=%2Fwp%2Fv2%2Ftags&post=15737"}],"curies":[{"name":"wp","href":"https:\/\/api.w.org\/{rel}","templated":true}]}}