{"id":15739,"date":"2024-09-21T08:44:03","date_gmt":"2024-09-21T08:44:03","guid":{"rendered":"http:\/\/875jahrekirchgoens.de\/?p=15739"},"modified":"2024-09-28T08:45:35","modified_gmt":"2024-09-28T08:45:35","slug":"kuenftig-mehr-privatsphaere","status":"publish","type":"post","link":"http:\/\/875jahrekirchgoens.de\/?p=15739","title":{"rendered":"K\u00fcnftig mehr Privatsph\u00e4re"},"content":{"rendered":"\n<p><em>G\u00f6nser Grund-Schule feiert Tag der Kinderrechte mit vielen Aktionen<\/em><\/p>\n\n\n\n<p>Schon seit 2018 werden in der G\u00f6nser Grund-Schule, kurz GGS, die Kinderrechte in den Fokus ger\u00fcckt. Die Sch\u00fcler haben sich daf\u00fcr ausgesprochen, dass die Kinderrechte st\u00e4rkere Gewichtung im Unterrichtsgeschehen bekommen sollen. So machte sich die GGS auf und wurde Kinderrechtschule. F\u00fcr eine solche Schule ist der j\u00e4hrliche weltweite Kindertag am 20. September ein sehr wichtiges Ereignis und auch der Tag der Kinderrechte. An diesem Tag wird in der Schule das Thema Kinderrechte noch intensiver besprochen und bearbeitet, so auch gestern, wie die GGS mitteilte. Es ist ein Tag, an dem sich die Schule zu diesem Thema immer etwas Besonderes einfallen l\u00e4sst und praktiziert. In diesem Jahr startete der Schulmorgen mit allen Sch\u00fclern gemeinsam in der Mensa der Schule. Alle Sch\u00fcler schauten sich einen Film an, in dem ihnen erkl\u00e4rt wurde, was Kinderrechte sind, welche es gibt und wie sie an der GGS umgesetzt werden. Dieser Film wurde vor zwei Jahren von der gesamten damaligen Sch\u00fclerschaft in Eigenarbeit erstellt. Gut informiert \u00fcber die Kinderrechte gingen nach dem Film alle Sch\u00fcler in ihre Arbeitsgruppen. Die Klasse 1 arbeitete gemeinsam mit ihren beiden Partnerklassen 3 an einem T\u00fcrschild, um die Privatsph\u00e4re zu gew\u00e4hrleisten. So konnte jeder Sch\u00fcler ein gelungenes Exemplar mit nach Hause nehmen. Um es zu Hause zu nutzen und auch dort auf das Kinderrecht auf Privatsph\u00e4re aufmerksam zu machen. Die Klassen 2 haben sich mit den Gef\u00fchlen besch\u00e4ftigt. Jedes Kind hat das Recht, seine Gef\u00fchle, egal ob positiv oder negativ, auszuleben oder zu \u00e4u\u00dfern. Es wurden Bilder zu den Gef\u00fchlen gemalt. Mit Fingerfarben haben die Sch\u00fcler in Partnerarbeit ein Gef\u00fchl dargestellt. Die Bastelergebnisse werden in der n\u00e4chsten Woche im Schulgeb\u00e4ude ausgestellt werden. Im Anschluss an die Arbeitsphase kam alle Sch\u00fcler zu ihrem Recht auf Spiel. Alle Klassenr\u00e4ume wurden ge\u00f6ffnet, und die Sch\u00fcler konnten sich frei entscheiden, wo sie an einem Spiel teilnehmen wollten. Da gab es \u201eHalli-Galli-Tische\u201c, Uno-Karten wurden ausgepackt, und andere Kartenspiele konnten neu entdeckt werden. \u201eEs war ein toller Tag, der die Kinder wieder f\u00fcr das Thema sensibilisiert hat und dem die Kinder weiterarbeiten m\u00f6chten\u201c, so das Fazit der GGS.<\/p>\n\n\n\n<p>Quelle und Bild: Butzbacher Zeitung vom 21. September 2024<\/p>\n\n\n\n<figure class=\"wp-block-image size-full\"><img loading=\"lazy\" decoding=\"async\" width=\"445\" height=\"196\" src=\"http:\/\/875jahrekirchgoens.de\/wp-content\/uploads\/2024\/09\/Kindertag.png\" alt=\"\" class=\"wp-image-15740\" srcset=\"http:\/\/875jahrekirchgoens.de\/wp-content\/uploads\/2024\/09\/Kindertag.png 445w, http:\/\/875jahrekirchgoens.de\/wp-content\/uploads\/2024\/09\/Kindertag-300x132.png 300w\" sizes=\"auto, (max-width: 445px) 100vw, 445px\" \/><\/figure>\n","protected":false},"excerpt":{"rendered":"<p>G\u00f6nser Grund-Schule feiert Tag der Kinderrechte mit vielen Aktionen Schon seit 2018 werden in der G\u00f6nser Grund-Schule, kurz GGS, die Kinderrechte in den Fokus ger\u00fcckt. Die Sch\u00fcler haben sich daf\u00fcr ausgesprochen, dass die Kinderrechte st\u00e4rkere Gewichtung im Unterrichtsgeschehen bekommen sollen. So machte sich die GGS auf und wurde Kinderrechtschule. F\u00fcr eine solche Schule ist der &#8230; <a title=\"K\u00fcnftig mehr Privatsph\u00e4re\" class=\"read-more\" href=\"http:\/\/875jahrekirchgoens.de\/?p=15739\" aria-label=\"Mehr Informationen \u00fcber K\u00fcnftig mehr Privatsph\u00e4re\">Weiterlesen<\/a><\/p>\n","protected":false},"author":1,"featured_media":0,"comment_status":"closed","ping_status":"open","sticky":false,"template":"","format":"standard","meta":{"footnotes":""},"categories":[1],"tags":[],"class_list":["post-15739","post","type-post","status-publish","format-standard","hentry","category-infos"],"_links":{"self":[{"href":"http:\/\/875jahrekirchgoens.de\/index.php?rest_route=\/wp\/v2\/posts\/15739","targetHints":{"allow":["GET"]}}],"collection":[{"href":"http:\/\/875jahrekirchgoens.de\/index.php?rest_route=\/wp\/v2\/posts"}],"about":[{"href":"http:\/\/875jahrekirchgoens.de\/index.php?rest_route=\/wp\/v2\/types\/post"}],"author":[{"embeddable":true,"href":"http:\/\/875jahrekirchgoens.de\/index.php?rest_route=\/wp\/v2\/users\/1"}],"replies":[{"embeddable":true,"href":"http:\/\/875jahrekirchgoens.de\/index.php?rest_route=%2Fwp%2Fv2%2Fcomments&post=15739"}],"version-history":[{"count":1,"href":"http:\/\/875jahrekirchgoens.de\/index.php?rest_route=\/wp\/v2\/posts\/15739\/revisions"}],"predecessor-version":[{"id":15741,"href":"http:\/\/875jahrekirchgoens.de\/index.php?rest_route=\/wp\/v2\/posts\/15739\/revisions\/15741"}],"wp:attachment":[{"href":"http:\/\/875jahrekirchgoens.de\/index.php?rest_route=%2Fwp%2Fv2%2Fmedia&parent=15739"}],"wp:term":[{"taxonomy":"category","embeddable":true,"href":"http:\/\/875jahrekirchgoens.de\/index.php?rest_route=%2Fwp%2Fv2%2Fcategories&post=15739"},{"taxonomy":"post_tag","embeddable":true,"href":"http:\/\/875jahrekirchgoens.de\/index.php?rest_route=%2Fwp%2Fv2%2Ftags&post=15739"}],"curies":[{"name":"wp","href":"https:\/\/api.w.org\/{rel}","templated":true}]}}