{"id":15745,"date":"2024-09-24T08:47:58","date_gmt":"2024-09-24T08:47:58","guid":{"rendered":"http:\/\/875jahrekirchgoens.de\/?p=15745"},"modified":"2024-09-28T08:49:24","modified_gmt":"2024-09-28T08:49:24","slug":"attraktive-und-lebenswerte-doerfer","status":"publish","type":"post","link":"http:\/\/875jahrekirchgoens.de\/?p=15745","title":{"rendered":"Attraktive und lebenswerte D\u00f6rfer"},"content":{"rendered":"\n<p><em>Auch Kirch-G\u00f6ns f\u00fcr Teilnahme am Regionalentscheid geehrt<\/em><\/p>\n\n\n\n<p>Der hessenweite Wettbewerb \u201eUnser Dorf hat Zukunft\u201c zeichnet b\u00fcrgerschaftliches Engagement f\u00fcr die kleinen, aber feinen Ortschaften aus. Zum 38. Mal wurden D\u00f6rfer gesucht, die als Gemeinschaft daf\u00fcr sorgen, dass ihre Orte attraktiv und lebenswert sind und bleiben. An der ersten Runde nahmen 85 Ortschaften aus Hessen teil. Unter ihnen waren f\u00fcnf Wetterauer D\u00f6rfer: Stockheim, Wisselsheim, Glauberg, Kirch-G\u00f6ns und R\u00f6dgen. Erste Kreisbeigeordnete Birgit Weckler hat sie f\u00fcr ihr Engagement geehrt. Dar\u00fcber berichtet die Kreisverwaltung. \u201eIm Dorf liegt die Kraft, erkl\u00e4rte Weckler. \u201eUnsere kleinen Ortschaften im Wetteraukreis sind oft der Motor b\u00fcrgerschaftlichen Engagements. Hier kann man beobachten, was zusammen alles geht.\u201c Sie lobte die B\u00fcrgerinnen und B\u00fcrger, die sich mit verschiedenen Projekten, gro\u00dfer Einsatzbereitschaft und Kreativit\u00e4t f\u00fcr die Weiterentwicklung und die Zukunftsf\u00e4higkeit ihrer Heimat einsetzten: \u201eSie haben gemeinsam Projekte auf die Beine gestellt und so auch daf\u00fcr gesorgt, dass Traditionen und der Wert der Gemeinschaft in unser aller Bewusstsein verankert bleiben. Vom Dorf kann man lernen.\u201c Die f\u00fcnf Wetterauer D\u00f6rfer mussten sich zwar im Regionalentscheid geschlagen geben, Stockheim aber erhielt einen Sonderpreis f\u00fcr die Kulturhalle mit HSK-Show und frei nutzbarem Au\u00dfengel\u00e4nde. Auch Bad Nauheim-Wisselsheim konnte die Sonder-Pr\u00e4mie von 1000 Euro f\u00fcr den Verein \u201eSch\u00f6nes Dorfleben e. V.\u201c mit \u201eWisselsheim Rockt\u201c du dem Internationalen Dorffest \u201eCome togehter\u201c verbuchen. Die Regionalsieger werden sich im Sommer 2025 im Landesentscheid messen, bevor im darauffolgenden Jahr der Bundesentscheid f\u00fcr die Landessieger ansteht.<\/p>\n\n\n\n<p>Quelle und Bild: Butzbacher Zeitung vom 24. September 2024<\/p>\n\n\n\n<p>Erste Kreisbeigeordnete Birgit Weckler ehrt stellvertretend f\u00fcr ihre D\u00f6rfer (v. l.) Bernhard Dern (Kirch-G\u00f6ns), Gisela Babitz-Koch (R\u00f6dgen), Rainer Wagner (Glauberg), Harald Steinke (Glauburg-Stockheim) und Antje Habe nicht (Wisselsheim) f\u00fcr ihr gro\u00dfes Engagement.<\/p>\n\n\n\n<figure class=\"wp-block-image size-full\"><img loading=\"lazy\" decoding=\"async\" width=\"596\" height=\"318\" src=\"http:\/\/875jahrekirchgoens.de\/wp-content\/uploads\/2024\/09\/liebenswerte-Doerfer.png\" alt=\"\" class=\"wp-image-15746\" srcset=\"http:\/\/875jahrekirchgoens.de\/wp-content\/uploads\/2024\/09\/liebenswerte-Doerfer.png 596w, http:\/\/875jahrekirchgoens.de\/wp-content\/uploads\/2024\/09\/liebenswerte-Doerfer-300x160.png 300w\" sizes=\"auto, (max-width: 596px) 100vw, 596px\" \/><\/figure>\n","protected":false},"excerpt":{"rendered":"<p>Auch Kirch-G\u00f6ns f\u00fcr Teilnahme am Regionalentscheid geehrt Der hessenweite Wettbewerb \u201eUnser Dorf hat Zukunft\u201c zeichnet b\u00fcrgerschaftliches Engagement f\u00fcr die kleinen, aber feinen Ortschaften aus. Zum 38. Mal wurden D\u00f6rfer gesucht, die als Gemeinschaft daf\u00fcr sorgen, dass ihre Orte attraktiv und lebenswert sind und bleiben. An der ersten Runde nahmen 85 Ortschaften aus Hessen teil. Unter &#8230; <a title=\"Attraktive und lebenswerte D\u00f6rfer\" class=\"read-more\" href=\"http:\/\/875jahrekirchgoens.de\/?p=15745\" aria-label=\"Mehr Informationen \u00fcber Attraktive und lebenswerte D\u00f6rfer\">Weiterlesen<\/a><\/p>\n","protected":false},"author":1,"featured_media":0,"comment_status":"closed","ping_status":"open","sticky":false,"template":"","format":"standard","meta":{"footnotes":""},"categories":[1],"tags":[],"class_list":["post-15745","post","type-post","status-publish","format-standard","hentry","category-infos"],"_links":{"self":[{"href":"http:\/\/875jahrekirchgoens.de\/index.php?rest_route=\/wp\/v2\/posts\/15745","targetHints":{"allow":["GET"]}}],"collection":[{"href":"http:\/\/875jahrekirchgoens.de\/index.php?rest_route=\/wp\/v2\/posts"}],"about":[{"href":"http:\/\/875jahrekirchgoens.de\/index.php?rest_route=\/wp\/v2\/types\/post"}],"author":[{"embeddable":true,"href":"http:\/\/875jahrekirchgoens.de\/index.php?rest_route=\/wp\/v2\/users\/1"}],"replies":[{"embeddable":true,"href":"http:\/\/875jahrekirchgoens.de\/index.php?rest_route=%2Fwp%2Fv2%2Fcomments&post=15745"}],"version-history":[{"count":1,"href":"http:\/\/875jahrekirchgoens.de\/index.php?rest_route=\/wp\/v2\/posts\/15745\/revisions"}],"predecessor-version":[{"id":15747,"href":"http:\/\/875jahrekirchgoens.de\/index.php?rest_route=\/wp\/v2\/posts\/15745\/revisions\/15747"}],"wp:attachment":[{"href":"http:\/\/875jahrekirchgoens.de\/index.php?rest_route=%2Fwp%2Fv2%2Fmedia&parent=15745"}],"wp:term":[{"taxonomy":"category","embeddable":true,"href":"http:\/\/875jahrekirchgoens.de\/index.php?rest_route=%2Fwp%2Fv2%2Fcategories&post=15745"},{"taxonomy":"post_tag","embeddable":true,"href":"http:\/\/875jahrekirchgoens.de\/index.php?rest_route=%2Fwp%2Fv2%2Ftags&post=15745"}],"curies":[{"name":"wp","href":"https:\/\/api.w.org\/{rel}","templated":true}]}}