{"id":15754,"date":"2024-09-26T08:56:06","date_gmt":"2024-09-26T08:56:06","guid":{"rendered":"http:\/\/875jahrekirchgoens.de\/?p=15754"},"modified":"2024-09-28T08:56:53","modified_gmt":"2024-09-28T08:56:53","slug":"jubilaeumspartner-herzlich-willkommen","status":"publish","type":"post","link":"http:\/\/875jahrekirchgoens.de\/?p=15754","title":{"rendered":"Jubil\u00e4umspartner herzlich willkommen"},"content":{"rendered":"\n<p>(Mz.) Im Zuge der Vorbereitungen auf das Jubil\u00e4umsjahr 2025 zum 875j\u00e4hrigen Bestehen von Kirch-G\u00f6ns hat die Interessengemeinschaft der Kirch-G\u00f6nser Vereine und Gruppierungen die Vorplanungen f\u00fcr das Festwochenende vom 29. \u2013 31. August 2025 festgelegt. Am 29. August 2025 wird mit einer Mallorca-Party mit DJ Tommy Fieber gestartet, am Samstag. 30. August 2025 wird ABBA 99 auftreten und am Sonntag, 31. August 2025, wird nach dem Festzug mit der Party-, Tanz- und Stimmungsband \u201eGaudi Power\u201c die Feierlichkeiten fortgesetzt. Im Fr\u00fchjahr 2025 wird die IG m\u00f6gliche Sponsoren und bereits bestehende Jubil\u00e4umspartner in das Kirch-G\u00f6nser B\u00fcrgerhaus einladen und die Ziele und Veranstaltungen pr\u00e4sentieren. Die IG wird unter anderem die bisherigen Fortschritte zu den Aktivit\u00e4ten der 875-Jahr-Feier im Jahre 2025 aufzeigen. Im Einzelnen werden die Aktionen: \u201e875 Kirch-G\u00f6nser auf dem Sportplatz\u201c, \u201eKirch-G\u00f6ns wandert ins Jubil\u00e4umsjahr\u201c, \u201eKirch-G\u00f6ns ehrt\u201c, \u201eAkademische Feier\u201c und \u201eJubil\u00e4umswochenende\u201c betrachtet. Ebenfalls werden die Sponsorenpakete (Flyer, Verlinkung auf Homepage, Instagramm, Banner im Festzelt und Sponsorenwand) pr\u00e4sentiert. Die in vier Kategorien angebotenen Pakete gliedern sich in \u201eJubil\u00e4um\u201c, \u201eGold\u201c, \u201eSilber\u201c und \u201eBronze\u201c auf. Bei Interesse zu dem Abschluss eines m\u00f6glichen Sponsorenpaketes kann gerne bereits jetzt Kontakt mit dem Werbeausschuss unter <a href=\"http:\/\/www.875jahrekirchgoens.de\">www.875jahrekirchgoens.de<\/a> aufgenommen werden.<\/p>\n","protected":false},"excerpt":{"rendered":"<p>(Mz.) Im Zuge der Vorbereitungen auf das Jubil\u00e4umsjahr 2025 zum 875j\u00e4hrigen Bestehen von Kirch-G\u00f6ns hat die Interessengemeinschaft der Kirch-G\u00f6nser Vereine und Gruppierungen die Vorplanungen f\u00fcr das Festwochenende vom 29. \u2013 31. August 2025 festgelegt. Am 29. August 2025 wird mit einer Mallorca-Party mit DJ Tommy Fieber gestartet, am Samstag. 30. August 2025 wird ABBA 99 &#8230; <a title=\"Jubil\u00e4umspartner herzlich willkommen\" class=\"read-more\" href=\"http:\/\/875jahrekirchgoens.de\/?p=15754\" aria-label=\"Mehr Informationen \u00fcber Jubil\u00e4umspartner herzlich willkommen\">Weiterlesen<\/a><\/p>\n","protected":false},"author":1,"featured_media":0,"comment_status":"closed","ping_status":"open","sticky":false,"template":"","format":"standard","meta":{"footnotes":""},"categories":[1],"tags":[],"class_list":["post-15754","post","type-post","status-publish","format-standard","hentry","category-infos"],"_links":{"self":[{"href":"http:\/\/875jahrekirchgoens.de\/index.php?rest_route=\/wp\/v2\/posts\/15754","targetHints":{"allow":["GET"]}}],"collection":[{"href":"http:\/\/875jahrekirchgoens.de\/index.php?rest_route=\/wp\/v2\/posts"}],"about":[{"href":"http:\/\/875jahrekirchgoens.de\/index.php?rest_route=\/wp\/v2\/types\/post"}],"author":[{"embeddable":true,"href":"http:\/\/875jahrekirchgoens.de\/index.php?rest_route=\/wp\/v2\/users\/1"}],"replies":[{"embeddable":true,"href":"http:\/\/875jahrekirchgoens.de\/index.php?rest_route=%2Fwp%2Fv2%2Fcomments&post=15754"}],"version-history":[{"count":1,"href":"http:\/\/875jahrekirchgoens.de\/index.php?rest_route=\/wp\/v2\/posts\/15754\/revisions"}],"predecessor-version":[{"id":15755,"href":"http:\/\/875jahrekirchgoens.de\/index.php?rest_route=\/wp\/v2\/posts\/15754\/revisions\/15755"}],"wp:attachment":[{"href":"http:\/\/875jahrekirchgoens.de\/index.php?rest_route=%2Fwp%2Fv2%2Fmedia&parent=15754"}],"wp:term":[{"taxonomy":"category","embeddable":true,"href":"http:\/\/875jahrekirchgoens.de\/index.php?rest_route=%2Fwp%2Fv2%2Fcategories&post=15754"},{"taxonomy":"post_tag","embeddable":true,"href":"http:\/\/875jahrekirchgoens.de\/index.php?rest_route=%2Fwp%2Fv2%2Ftags&post=15754"}],"curies":[{"name":"wp","href":"https:\/\/api.w.org\/{rel}","templated":true}]}}