{"id":15796,"date":"2024-10-22T15:54:29","date_gmt":"2024-10-22T15:54:29","guid":{"rendered":"http:\/\/875jahrekirchgoens.de\/?p=15796"},"modified":"2024-12-17T15:55:11","modified_gmt":"2024-12-17T15:55:11","slug":"vollsperrung-der-bahnhofstrasse","status":"publish","type":"post","link":"http:\/\/875jahrekirchgoens.de\/?p=15796","title":{"rendered":"Vollsperrung der Bahnhofstra\u00dfe"},"content":{"rendered":"\n<p>Ab heute, 22. Oktober bis Freitag, 25. Oktober, wird die Bahnhofstra\u00dfe in Kirch-G\u00f6ns im Bereich der Nummer 25 f\u00fcr Asphaltarbeiten voll gesperrt. Das berichtet die Stadt Butzbach. Die Bauma\u00dfnahme erfolgt unter vollst\u00e4ndiger Sperrung der Fahrbahn. Eine Umleitung wird entsprechend ausgeschildert. W\u00e4hrend dieser Zeit wird die Haltestelle \u201eBahnhofstra\u00dfe\u201c nicht angefahren. Fahrg\u00e4ste werden gebeten, die Haltestelle \u201eB\u00fcrgerhause\u201c zu nutzen. Fahrpl\u00e4ne sind unter <a href=\"http:\/\/www.vgo.de\">www.vgo.de<\/a> einsehbar. F\u00fcr auftretende Behinderungen wird um Verst\u00e4ndnis gebeten. Die Sperrung tritt mit Aufstellung der entsprechenden Verkehrszeichen in Kraft.<\/p>\n\n\n\n<p>Quelle: Butzbacher Zeitung vom 22. Oktober 2024<\/p>\n","protected":false},"excerpt":{"rendered":"<p>Ab heute, 22. Oktober bis Freitag, 25. Oktober, wird die Bahnhofstra\u00dfe in Kirch-G\u00f6ns im Bereich der Nummer 25 f\u00fcr Asphaltarbeiten voll gesperrt. Das berichtet die Stadt Butzbach. Die Bauma\u00dfnahme erfolgt unter vollst\u00e4ndiger Sperrung der Fahrbahn. Eine Umleitung wird entsprechend ausgeschildert. W\u00e4hrend dieser Zeit wird die Haltestelle \u201eBahnhofstra\u00dfe\u201c nicht angefahren. Fahrg\u00e4ste werden gebeten, die Haltestelle \u201eB\u00fcrgerhause\u201c &#8230; <a title=\"Vollsperrung der Bahnhofstra\u00dfe\" class=\"read-more\" href=\"http:\/\/875jahrekirchgoens.de\/?p=15796\" aria-label=\"Mehr Informationen \u00fcber Vollsperrung der Bahnhofstra\u00dfe\">Weiterlesen<\/a><\/p>\n","protected":false},"author":1,"featured_media":0,"comment_status":"closed","ping_status":"open","sticky":false,"template":"","format":"standard","meta":{"footnotes":""},"categories":[1],"tags":[],"class_list":["post-15796","post","type-post","status-publish","format-standard","hentry","category-infos"],"_links":{"self":[{"href":"http:\/\/875jahrekirchgoens.de\/index.php?rest_route=\/wp\/v2\/posts\/15796","targetHints":{"allow":["GET"]}}],"collection":[{"href":"http:\/\/875jahrekirchgoens.de\/index.php?rest_route=\/wp\/v2\/posts"}],"about":[{"href":"http:\/\/875jahrekirchgoens.de\/index.php?rest_route=\/wp\/v2\/types\/post"}],"author":[{"embeddable":true,"href":"http:\/\/875jahrekirchgoens.de\/index.php?rest_route=\/wp\/v2\/users\/1"}],"replies":[{"embeddable":true,"href":"http:\/\/875jahrekirchgoens.de\/index.php?rest_route=%2Fwp%2Fv2%2Fcomments&post=15796"}],"version-history":[{"count":1,"href":"http:\/\/875jahrekirchgoens.de\/index.php?rest_route=\/wp\/v2\/posts\/15796\/revisions"}],"predecessor-version":[{"id":15797,"href":"http:\/\/875jahrekirchgoens.de\/index.php?rest_route=\/wp\/v2\/posts\/15796\/revisions\/15797"}],"wp:attachment":[{"href":"http:\/\/875jahrekirchgoens.de\/index.php?rest_route=%2Fwp%2Fv2%2Fmedia&parent=15796"}],"wp:term":[{"taxonomy":"category","embeddable":true,"href":"http:\/\/875jahrekirchgoens.de\/index.php?rest_route=%2Fwp%2Fv2%2Fcategories&post=15796"},{"taxonomy":"post_tag","embeddable":true,"href":"http:\/\/875jahrekirchgoens.de\/index.php?rest_route=%2Fwp%2Fv2%2Ftags&post=15796"}],"curies":[{"name":"wp","href":"https:\/\/api.w.org\/{rel}","templated":true}]}}