{"id":15798,"date":"2024-10-23T15:55:51","date_gmt":"2024-10-23T15:55:51","guid":{"rendered":"http:\/\/875jahrekirchgoens.de\/?p=15798"},"modified":"2024-12-17T15:58:15","modified_gmt":"2024-12-17T15:58:15","slug":"kinder-entdecken-die-kelterei","status":"publish","type":"post","link":"http:\/\/875jahrekirchgoens.de\/?p=15798","title":{"rendered":"Kinder entdecken die Kelterei"},"content":{"rendered":"\n<p><em>Sch\u00fcler lernen spielerisch von Apfelsaft und Traditionen<\/em><\/p>\n\n\n\n<p>K\u00fcrzlich besuchten 24 Sch\u00fclerinnen und Sch\u00fcler der Klasse 1a der G\u00f6nser-Grund-Schule mit ihrer Lehrerin Hanna Schepers sowie den Betreuern Aliyah Dittmar, Nick Lor\u00f6sch und Simone Jenne die Hofreite der Familie D\u00f6rr in der Bahnhofstra\u00dfe von Kirch-G\u00f6ns. Ziel des Ausflugs war das kleine Kelterfest von Reinhold D\u00f6rr und Sebastian Quester, dass inzwischen eine sch\u00f6ne Tradition der Familie geworden ist. Die beiden Hobbykelterer erkl\u00e4rten den Kelterprozess und alles, was damit verbunden ist. Die Sch\u00fclerinnen und Sch\u00fcler zeigten gro\u00dfes Interesse, h\u00f6rten aufmerksam zu, stellten zahlreiche Fragen und halfen beim Bef\u00fcllen des Waschbottichs. Bei einem Fr\u00fchst\u00fcck konnten die Kinder frisch gekelterten Apfelsaft probieren, der ihnen hervorragend schmeckte, weil sie aktiv an der Herstellung beteiligt waren.<\/p>\n\n\n\n<p>Quelle und Bild: Butzbacher Zeitung vom 23. Oktober 2024<\/p>\n\n\n\n<figure class=\"wp-block-gallery has-nested-images columns-default is-cropped wp-block-gallery-1 is-layout-flex wp-block-gallery-is-layout-flex\">\n<figure class=\"wp-block-image size-large\"><img loading=\"lazy\" decoding=\"async\" width=\"183\" height=\"193\" data-id=\"15799\" src=\"http:\/\/875jahrekirchgoens.de\/wp-content\/uploads\/2024\/12\/Kelterei2.png\" alt=\"\" class=\"wp-image-15799\"\/><\/figure>\n\n\n\n<figure class=\"wp-block-image size-large\"><img loading=\"lazy\" decoding=\"async\" width=\"390\" height=\"306\" data-id=\"15800\" src=\"http:\/\/875jahrekirchgoens.de\/wp-content\/uploads\/2024\/12\/Kelterei1.png\" alt=\"\" class=\"wp-image-15800\" srcset=\"http:\/\/875jahrekirchgoens.de\/wp-content\/uploads\/2024\/12\/Kelterei1.png 390w, http:\/\/875jahrekirchgoens.de\/wp-content\/uploads\/2024\/12\/Kelterei1-300x235.png 300w\" sizes=\"auto, (max-width: 390px) 100vw, 390px\" \/><\/figure>\n<\/figure>\n","protected":false},"excerpt":{"rendered":"<p>Sch\u00fcler lernen spielerisch von Apfelsaft und Traditionen K\u00fcrzlich besuchten 24 Sch\u00fclerinnen und Sch\u00fcler der Klasse 1a der G\u00f6nser-Grund-Schule mit ihrer Lehrerin Hanna Schepers sowie den Betreuern Aliyah Dittmar, Nick Lor\u00f6sch und Simone Jenne die Hofreite der Familie D\u00f6rr in der Bahnhofstra\u00dfe von Kirch-G\u00f6ns. Ziel des Ausflugs war das kleine Kelterfest von Reinhold D\u00f6rr und Sebastian &#8230; <a title=\"Kinder entdecken die Kelterei\" class=\"read-more\" href=\"http:\/\/875jahrekirchgoens.de\/?p=15798\" aria-label=\"Mehr Informationen \u00fcber Kinder entdecken die Kelterei\">Weiterlesen<\/a><\/p>\n","protected":false},"author":1,"featured_media":0,"comment_status":"closed","ping_status":"open","sticky":false,"template":"","format":"standard","meta":{"footnotes":""},"categories":[1],"tags":[],"class_list":["post-15798","post","type-post","status-publish","format-standard","hentry","category-infos"],"_links":{"self":[{"href":"http:\/\/875jahrekirchgoens.de\/index.php?rest_route=\/wp\/v2\/posts\/15798","targetHints":{"allow":["GET"]}}],"collection":[{"href":"http:\/\/875jahrekirchgoens.de\/index.php?rest_route=\/wp\/v2\/posts"}],"about":[{"href":"http:\/\/875jahrekirchgoens.de\/index.php?rest_route=\/wp\/v2\/types\/post"}],"author":[{"embeddable":true,"href":"http:\/\/875jahrekirchgoens.de\/index.php?rest_route=\/wp\/v2\/users\/1"}],"replies":[{"embeddable":true,"href":"http:\/\/875jahrekirchgoens.de\/index.php?rest_route=%2Fwp%2Fv2%2Fcomments&post=15798"}],"version-history":[{"count":1,"href":"http:\/\/875jahrekirchgoens.de\/index.php?rest_route=\/wp\/v2\/posts\/15798\/revisions"}],"predecessor-version":[{"id":15801,"href":"http:\/\/875jahrekirchgoens.de\/index.php?rest_route=\/wp\/v2\/posts\/15798\/revisions\/15801"}],"wp:attachment":[{"href":"http:\/\/875jahrekirchgoens.de\/index.php?rest_route=%2Fwp%2Fv2%2Fmedia&parent=15798"}],"wp:term":[{"taxonomy":"category","embeddable":true,"href":"http:\/\/875jahrekirchgoens.de\/index.php?rest_route=%2Fwp%2Fv2%2Fcategories&post=15798"},{"taxonomy":"post_tag","embeddable":true,"href":"http:\/\/875jahrekirchgoens.de\/index.php?rest_route=%2Fwp%2Fv2%2Ftags&post=15798"}],"curies":[{"name":"wp","href":"https:\/\/api.w.org\/{rel}","templated":true}]}}