{"id":15802,"date":"2024-11-02T15:58:37","date_gmt":"2024-11-02T15:58:37","guid":{"rendered":"http:\/\/875jahrekirchgoens.de\/?p=15802"},"modified":"2024-12-17T16:00:24","modified_gmt":"2024-12-17T16:00:24","slug":"junge-experten-werden-gehoert","status":"publish","type":"post","link":"http:\/\/875jahrekirchgoens.de\/?p=15802","title":{"rendered":"Junge Experten werden geh\u00f6rt"},"content":{"rendered":"\n<p>Im Rahmen Ihrer partizipativen Schulkultur, das hei\u00dft, dass Sch\u00fcler an der G\u00f6nser Grund-Schule (GGS) unter anderem an Entscheidungen beteiligt werden, nimmt die Bildungseinrichtung an einer Umfrage der Landessch\u00fclervertretung Hessen teil. Dar\u00fcber informierte die Stadtteil-Grundschule. In dieser Befragung sind alle Sch\u00fcler der Grundschule aufgerufen, ihre Meinung zu \u00e4u\u00dfern, was Ihnen an Ihrer Grundschule gut gef\u00e4llt, aber auch, was man noch verbessern k\u00f6nnte. Die Landes Sch\u00fclervertretung hat die Grundsch\u00fcler zu Ihrer Umfrage aufgerufen, da Ihnen aufgefallen ist, dass bei jeglichen Problembesprechungen zum Thema \u201eSchule\u201c, die Grundschule oft unber\u00fccksichtigt bleibt. Meistens werden alle Themen, die Schule betreffen, immer nur die weiterf\u00fchrenden Schulen betreffend diskutiert, bearbeitet und auch verbessert. Durch die Umfrage soll auch die Grundschule ein st\u00e4rkeres Geh\u00f6r finden \u00fcber ihre Problematiken, Verbessrungsw\u00fcnsche und Ideen, aber auch, was schon gut an den Grundschulen l\u00e4uft. Zur Einstimmung n\u00e4hergebracht wurde den Kindern das Thema mit Hilfe eines Kurzfilmes, der beiden Vorsitzenden der Landessch\u00fclervertretung. Zu diesem gemeinsamen Anfang trafen sich die G\u00f6nser Grundschule in der Mensa, so die die GGS.<\/p>\n\n\n\n<p>Quelle und Bild: Butzbacher Zeitung vom 2. November 2024<\/p>\n\n\n\n<figure class=\"wp-block-image size-full\"><img loading=\"lazy\" decoding=\"async\" width=\"425\" height=\"236\" src=\"http:\/\/875jahrekirchgoens.de\/wp-content\/uploads\/2024\/12\/Experten1.png\" alt=\"\" class=\"wp-image-15803\" srcset=\"http:\/\/875jahrekirchgoens.de\/wp-content\/uploads\/2024\/12\/Experten1.png 425w, http:\/\/875jahrekirchgoens.de\/wp-content\/uploads\/2024\/12\/Experten1-300x167.png 300w\" sizes=\"auto, (max-width: 425px) 100vw, 425px\" \/><\/figure>\n","protected":false},"excerpt":{"rendered":"<p>Im Rahmen Ihrer partizipativen Schulkultur, das hei\u00dft, dass Sch\u00fcler an der G\u00f6nser Grund-Schule (GGS) unter anderem an Entscheidungen beteiligt werden, nimmt die Bildungseinrichtung an einer Umfrage der Landessch\u00fclervertretung Hessen teil. Dar\u00fcber informierte die Stadtteil-Grundschule. In dieser Befragung sind alle Sch\u00fcler der Grundschule aufgerufen, ihre Meinung zu \u00e4u\u00dfern, was Ihnen an Ihrer Grundschule gut gef\u00e4llt, aber &#8230; <a title=\"Junge Experten werden geh\u00f6rt\" class=\"read-more\" href=\"http:\/\/875jahrekirchgoens.de\/?p=15802\" aria-label=\"Mehr Informationen \u00fcber Junge Experten werden geh\u00f6rt\">Weiterlesen<\/a><\/p>\n","protected":false},"author":1,"featured_media":0,"comment_status":"closed","ping_status":"open","sticky":false,"template":"","format":"standard","meta":{"footnotes":""},"categories":[1],"tags":[],"class_list":["post-15802","post","type-post","status-publish","format-standard","hentry","category-infos"],"_links":{"self":[{"href":"http:\/\/875jahrekirchgoens.de\/index.php?rest_route=\/wp\/v2\/posts\/15802","targetHints":{"allow":["GET"]}}],"collection":[{"href":"http:\/\/875jahrekirchgoens.de\/index.php?rest_route=\/wp\/v2\/posts"}],"about":[{"href":"http:\/\/875jahrekirchgoens.de\/index.php?rest_route=\/wp\/v2\/types\/post"}],"author":[{"embeddable":true,"href":"http:\/\/875jahrekirchgoens.de\/index.php?rest_route=\/wp\/v2\/users\/1"}],"replies":[{"embeddable":true,"href":"http:\/\/875jahrekirchgoens.de\/index.php?rest_route=%2Fwp%2Fv2%2Fcomments&post=15802"}],"version-history":[{"count":1,"href":"http:\/\/875jahrekirchgoens.de\/index.php?rest_route=\/wp\/v2\/posts\/15802\/revisions"}],"predecessor-version":[{"id":15804,"href":"http:\/\/875jahrekirchgoens.de\/index.php?rest_route=\/wp\/v2\/posts\/15802\/revisions\/15804"}],"wp:attachment":[{"href":"http:\/\/875jahrekirchgoens.de\/index.php?rest_route=%2Fwp%2Fv2%2Fmedia&parent=15802"}],"wp:term":[{"taxonomy":"category","embeddable":true,"href":"http:\/\/875jahrekirchgoens.de\/index.php?rest_route=%2Fwp%2Fv2%2Fcategories&post=15802"},{"taxonomy":"post_tag","embeddable":true,"href":"http:\/\/875jahrekirchgoens.de\/index.php?rest_route=%2Fwp%2Fv2%2Ftags&post=15802"}],"curies":[{"name":"wp","href":"https:\/\/api.w.org\/{rel}","templated":true}]}}