{"id":15808,"date":"2024-11-04T16:03:10","date_gmt":"2024-11-04T16:03:10","guid":{"rendered":"http:\/\/875jahrekirchgoens.de\/?p=15808"},"modified":"2024-12-17T16:03:45","modified_gmt":"2024-12-17T16:03:45","slug":"anmeldung-zum-mittagstisch-2","status":"publish","type":"post","link":"http:\/\/875jahrekirchgoens.de\/?p=15808","title":{"rendered":"Anmeldung zum Mittagstisch"},"content":{"rendered":"\n<p>Beim n\u00e4chsten Miteinander-Mittagstisch von Kirch-\/Pohl-G\u00f6ns erwartet die G\u00e4ste ein besonderes Gericht: Am Mittwoch, 13. November, wird es \u201eSchales\u201c (in Kirch-G\u00f6ns) bzw. \u201eSchalet\u201c (in Pohl-G\u00f6ns) geben, berichtet das MiMit-Team. Das Essen wird vom Team frisch zubereitet und mit Unterst\u00fctzung des Backhausvereins im Kirch-G\u00f6nser Backhaus gegart. Das sei ein Traditionsgericht wie fr\u00fcher. Als Dessert gibt es au\u00dferdem selbstgebackenen Pohl-G\u00f6nser Butterlochskuchen mit Kaffee. Die R\u00e4umlichkeiten \u00f6ffnen ab 11.30 Uhr; das Essen ist f\u00fcr circa 12.30 Uhr vorgesehen. Anmeldungen sind noch m\u00f6glich bis Freitag, 8. November, \u00fcber das Gemeindeb\u00fcro Tel. 06033-60941 oder E-Mail <a href=\"mailto:gemeindebuero@evkpg.de\">gemeindebuero@evkpg.de<\/a>. Au\u00dferhalb der B\u00fcrozeiten kann auf den Anrufbeantworter gesprochen werden. Dabei soll der Name und die Anzahl der Essensbestellungen genannt werden. F\u00fcr Essensabholungen\/-mitnahmen bittet das Team darum, eigene Beh\u00e4ltnisse mitzubringen. Bei kurzfristiger Verhinderung wird darum gebeten, sich bei den Organisatoren abzumelden oder das Essen abholen zu lassen.<\/p>\n\n\n\n<p>Quelle: Butzbacher Zeitung vom 4. November 2024<\/p>\n","protected":false},"excerpt":{"rendered":"<p>Beim n\u00e4chsten Miteinander-Mittagstisch von Kirch-\/Pohl-G\u00f6ns erwartet die G\u00e4ste ein besonderes Gericht: Am Mittwoch, 13. November, wird es \u201eSchales\u201c (in Kirch-G\u00f6ns) bzw. \u201eSchalet\u201c (in Pohl-G\u00f6ns) geben, berichtet das MiMit-Team. Das Essen wird vom Team frisch zubereitet und mit Unterst\u00fctzung des Backhausvereins im Kirch-G\u00f6nser Backhaus gegart. Das sei ein Traditionsgericht wie fr\u00fcher. Als Dessert gibt es au\u00dferdem &#8230; <a title=\"Anmeldung zum Mittagstisch\" class=\"read-more\" href=\"http:\/\/875jahrekirchgoens.de\/?p=15808\" aria-label=\"Mehr Informationen \u00fcber Anmeldung zum Mittagstisch\">Weiterlesen<\/a><\/p>\n","protected":false},"author":1,"featured_media":0,"comment_status":"closed","ping_status":"open","sticky":false,"template":"","format":"standard","meta":{"footnotes":""},"categories":[1],"tags":[],"class_list":["post-15808","post","type-post","status-publish","format-standard","hentry","category-infos"],"_links":{"self":[{"href":"http:\/\/875jahrekirchgoens.de\/index.php?rest_route=\/wp\/v2\/posts\/15808","targetHints":{"allow":["GET"]}}],"collection":[{"href":"http:\/\/875jahrekirchgoens.de\/index.php?rest_route=\/wp\/v2\/posts"}],"about":[{"href":"http:\/\/875jahrekirchgoens.de\/index.php?rest_route=\/wp\/v2\/types\/post"}],"author":[{"embeddable":true,"href":"http:\/\/875jahrekirchgoens.de\/index.php?rest_route=\/wp\/v2\/users\/1"}],"replies":[{"embeddable":true,"href":"http:\/\/875jahrekirchgoens.de\/index.php?rest_route=%2Fwp%2Fv2%2Fcomments&post=15808"}],"version-history":[{"count":1,"href":"http:\/\/875jahrekirchgoens.de\/index.php?rest_route=\/wp\/v2\/posts\/15808\/revisions"}],"predecessor-version":[{"id":15809,"href":"http:\/\/875jahrekirchgoens.de\/index.php?rest_route=\/wp\/v2\/posts\/15808\/revisions\/15809"}],"wp:attachment":[{"href":"http:\/\/875jahrekirchgoens.de\/index.php?rest_route=%2Fwp%2Fv2%2Fmedia&parent=15808"}],"wp:term":[{"taxonomy":"category","embeddable":true,"href":"http:\/\/875jahrekirchgoens.de\/index.php?rest_route=%2Fwp%2Fv2%2Fcategories&post=15808"},{"taxonomy":"post_tag","embeddable":true,"href":"http:\/\/875jahrekirchgoens.de\/index.php?rest_route=%2Fwp%2Fv2%2Ftags&post=15808"}],"curies":[{"name":"wp","href":"https:\/\/api.w.org\/{rel}","templated":true}]}}