{"id":15810,"date":"2024-11-08T16:07:23","date_gmt":"2024-11-08T16:07:23","guid":{"rendered":"http:\/\/875jahrekirchgoens.de\/?p=15810"},"modified":"2024-12-17T16:08:42","modified_gmt":"2024-12-17T16:08:42","slug":"abrissarbeiten-in-kirch-goens","status":"publish","type":"post","link":"http:\/\/875jahrekirchgoens.de\/?p=15810","title":{"rendered":"Abrissarbeiten in Kirch-G\u00f6ns"},"content":{"rendered":"\n<p>(Mz.) Aktuell finden Abrissarbeiten in der Gartenstra\u00dfe in Kirch-G\u00f6ns statt. Das vor einigen Jahren abgerissene Wiegeh\u00e4uschen wird nunmehr buchst\u00e4blich dem \u201eBoden gleich gemacht\u201c. Das Fundament wird mit schwerem Ger\u00e4t entfernt. Bekannt ist jedoch nicht, welche weiteren Ma\u00dfnahmen nach den Erdarbeiten erfolgen. Im Zuge der Chronikarbeiten der Kirch-G\u00f6nser Interessengemeinschaft zur 875-Jahrfeier im Jahre 2025 werden noch Bilder vom Wiegeh\u00e4uschen gesucht. Wer noch im Besitz von Aufnahmen zu dem Geb\u00e4ude ist, wird gebeten das Bild an <a href=\"mailto:info@875jahrekirchgoens.de\">info@875jahrekirchgoens.de<\/a> oder an den Chronikausschuss, Thorsten Metz, Bahnhofstra\u00dfe 65\/Kirch-G\u00f6ns, Tel. 06033-974878, zur Verf\u00fcgung zu stellen. Selbstverst\u00e4ndlich werden Originalaufnahmen wieder an den Besitzer zur\u00fcckgegeben.<\/p>\n\n\n\n<p>Bild: Katja Schenk \/ Kirch-G\u00f6ns<\/p>\n\n\n\n<figure class=\"wp-block-image size-full\"><img loading=\"lazy\" decoding=\"async\" width=\"703\" height=\"527\" src=\"http:\/\/875jahrekirchgoens.de\/wp-content\/uploads\/2024\/12\/Abriss.jpg\" alt=\"\" class=\"wp-image-15811\" srcset=\"http:\/\/875jahrekirchgoens.de\/wp-content\/uploads\/2024\/12\/Abriss.jpg 703w, http:\/\/875jahrekirchgoens.de\/wp-content\/uploads\/2024\/12\/Abriss-300x225.jpg 300w\" sizes=\"auto, (max-width: 703px) 100vw, 703px\" \/><\/figure>\n","protected":false},"excerpt":{"rendered":"<p>(Mz.) Aktuell finden Abrissarbeiten in der Gartenstra\u00dfe in Kirch-G\u00f6ns statt. Das vor einigen Jahren abgerissene Wiegeh\u00e4uschen wird nunmehr buchst\u00e4blich dem \u201eBoden gleich gemacht\u201c. Das Fundament wird mit schwerem Ger\u00e4t entfernt. Bekannt ist jedoch nicht, welche weiteren Ma\u00dfnahmen nach den Erdarbeiten erfolgen. Im Zuge der Chronikarbeiten der Kirch-G\u00f6nser Interessengemeinschaft zur 875-Jahrfeier im Jahre 2025 werden noch &#8230; <a title=\"Abrissarbeiten in Kirch-G\u00f6ns\" class=\"read-more\" href=\"http:\/\/875jahrekirchgoens.de\/?p=15810\" aria-label=\"Mehr Informationen \u00fcber Abrissarbeiten in Kirch-G\u00f6ns\">Weiterlesen<\/a><\/p>\n","protected":false},"author":1,"featured_media":0,"comment_status":"closed","ping_status":"open","sticky":false,"template":"","format":"standard","meta":{"footnotes":""},"categories":[1],"tags":[],"class_list":["post-15810","post","type-post","status-publish","format-standard","hentry","category-infos"],"_links":{"self":[{"href":"http:\/\/875jahrekirchgoens.de\/index.php?rest_route=\/wp\/v2\/posts\/15810","targetHints":{"allow":["GET"]}}],"collection":[{"href":"http:\/\/875jahrekirchgoens.de\/index.php?rest_route=\/wp\/v2\/posts"}],"about":[{"href":"http:\/\/875jahrekirchgoens.de\/index.php?rest_route=\/wp\/v2\/types\/post"}],"author":[{"embeddable":true,"href":"http:\/\/875jahrekirchgoens.de\/index.php?rest_route=\/wp\/v2\/users\/1"}],"replies":[{"embeddable":true,"href":"http:\/\/875jahrekirchgoens.de\/index.php?rest_route=%2Fwp%2Fv2%2Fcomments&post=15810"}],"version-history":[{"count":1,"href":"http:\/\/875jahrekirchgoens.de\/index.php?rest_route=\/wp\/v2\/posts\/15810\/revisions"}],"predecessor-version":[{"id":15812,"href":"http:\/\/875jahrekirchgoens.de\/index.php?rest_route=\/wp\/v2\/posts\/15810\/revisions\/15812"}],"wp:attachment":[{"href":"http:\/\/875jahrekirchgoens.de\/index.php?rest_route=%2Fwp%2Fv2%2Fmedia&parent=15810"}],"wp:term":[{"taxonomy":"category","embeddable":true,"href":"http:\/\/875jahrekirchgoens.de\/index.php?rest_route=%2Fwp%2Fv2%2Fcategories&post=15810"},{"taxonomy":"post_tag","embeddable":true,"href":"http:\/\/875jahrekirchgoens.de\/index.php?rest_route=%2Fwp%2Fv2%2Ftags&post=15810"}],"curies":[{"name":"wp","href":"https:\/\/api.w.org\/{rel}","templated":true}]}}