{"id":15813,"date":"2024-11-08T16:09:14","date_gmt":"2024-11-08T16:09:14","guid":{"rendered":"http:\/\/875jahrekirchgoens.de\/?p=15813"},"modified":"2024-12-17T16:10:07","modified_gmt":"2024-12-17T16:10:07","slug":"lichter-abend-in-kirch-goens","status":"publish","type":"post","link":"http:\/\/875jahrekirchgoens.de\/?p=15813","title":{"rendered":"Lichter-Abend in Kirch-G\u00f6ns"},"content":{"rendered":"\n<p>Die evangelische Kirchengemeinde Kirch- und Pohl-G\u00f6ns l\u00e4dt am Sonntag, 10. November, 18.00 Uhr zum Lichter-Abend f\u00fcr Jugendliche und Junggebliebene im Gemeindehaus Kirch-G\u00f6ns, Hauptstra\u00dfe 49, ein Lichter-Abende sind Andachten im Taiz\u00e9-Stil. Charakteristisch ist der ruhige Ablauf mit vielen Liedern aus der \u00d6kumenischen Gemeinschaft im franz\u00f6sischen Dorf Taiz\u00e9. Eine Ansprache oder Predigt gibt es nicht, daf\u00fcr einige Leistungen und eine ausgedehnte Zeit der Stille. Die meisten sitzen beim Lichter-Abend nicht auf St\u00fchlen oder B\u00e4nken, sondern auf ausgelegten Matten auf dem Boden \u2013 \u00e4hnlich wie in der gro\u00dfen \u201eKirche der Vers\u00f6hnung\u201c in Taiz\u00e9. Alle Taiz\u00e9-Fans und alle Neugierigen sind herzlich willkommen.<\/p>\n\n\n\n<p>Quelle: Butzbacher Zeitung vom 8. November 2024<\/p>\n","protected":false},"excerpt":{"rendered":"<p>Die evangelische Kirchengemeinde Kirch- und Pohl-G\u00f6ns l\u00e4dt am Sonntag, 10. November, 18.00 Uhr zum Lichter-Abend f\u00fcr Jugendliche und Junggebliebene im Gemeindehaus Kirch-G\u00f6ns, Hauptstra\u00dfe 49, ein Lichter-Abende sind Andachten im Taiz\u00e9-Stil. Charakteristisch ist der ruhige Ablauf mit vielen Liedern aus der \u00d6kumenischen Gemeinschaft im franz\u00f6sischen Dorf Taiz\u00e9. Eine Ansprache oder Predigt gibt es nicht, daf\u00fcr einige &#8230; <a title=\"Lichter-Abend in Kirch-G\u00f6ns\" class=\"read-more\" href=\"http:\/\/875jahrekirchgoens.de\/?p=15813\" aria-label=\"Mehr Informationen \u00fcber Lichter-Abend in Kirch-G\u00f6ns\">Weiterlesen<\/a><\/p>\n","protected":false},"author":1,"featured_media":0,"comment_status":"closed","ping_status":"open","sticky":false,"template":"","format":"standard","meta":{"footnotes":""},"categories":[1],"tags":[],"class_list":["post-15813","post","type-post","status-publish","format-standard","hentry","category-infos"],"_links":{"self":[{"href":"http:\/\/875jahrekirchgoens.de\/index.php?rest_route=\/wp\/v2\/posts\/15813","targetHints":{"allow":["GET"]}}],"collection":[{"href":"http:\/\/875jahrekirchgoens.de\/index.php?rest_route=\/wp\/v2\/posts"}],"about":[{"href":"http:\/\/875jahrekirchgoens.de\/index.php?rest_route=\/wp\/v2\/types\/post"}],"author":[{"embeddable":true,"href":"http:\/\/875jahrekirchgoens.de\/index.php?rest_route=\/wp\/v2\/users\/1"}],"replies":[{"embeddable":true,"href":"http:\/\/875jahrekirchgoens.de\/index.php?rest_route=%2Fwp%2Fv2%2Fcomments&post=15813"}],"version-history":[{"count":1,"href":"http:\/\/875jahrekirchgoens.de\/index.php?rest_route=\/wp\/v2\/posts\/15813\/revisions"}],"predecessor-version":[{"id":15814,"href":"http:\/\/875jahrekirchgoens.de\/index.php?rest_route=\/wp\/v2\/posts\/15813\/revisions\/15814"}],"wp:attachment":[{"href":"http:\/\/875jahrekirchgoens.de\/index.php?rest_route=%2Fwp%2Fv2%2Fmedia&parent=15813"}],"wp:term":[{"taxonomy":"category","embeddable":true,"href":"http:\/\/875jahrekirchgoens.de\/index.php?rest_route=%2Fwp%2Fv2%2Fcategories&post=15813"},{"taxonomy":"post_tag","embeddable":true,"href":"http:\/\/875jahrekirchgoens.de\/index.php?rest_route=%2Fwp%2Fv2%2Ftags&post=15813"}],"curies":[{"name":"wp","href":"https:\/\/api.w.org\/{rel}","templated":true}]}}