{"id":15826,"date":"2024-11-25T16:19:04","date_gmt":"2024-11-25T16:19:04","guid":{"rendered":"http:\/\/875jahrekirchgoens.de\/?p=15826"},"modified":"2024-12-17T16:20:34","modified_gmt":"2024-12-17T16:20:34","slug":"weihnachtsbaum-fuer-kita-sonnenschein","status":"publish","type":"post","link":"http:\/\/875jahrekirchgoens.de\/?p=15826","title":{"rendered":"Weihnachtsbaum f\u00fcr Kita Sonnenschein"},"content":{"rendered":"\n<p><em>G\u00e4rtnermeister Dieter R\u00f6hrig bietet ab 7. Dezember in Kirch-G\u00f6ns wieder Tannen an<\/em><\/p>\n\n\n\n<p>Seit vielen Jahren bietet G\u00e4rtnermeister Dieter R\u00f6hrig eine gro\u00dfe Auswahl an Weihnachtsb\u00e4umen, in verschiedenen Gr\u00f6\u00dfen aus eigenem Anbau auf seinem gut 20 Ar gro\u00dfen Gel\u00e4nde, hinter der Pfeifergasse in Kirch-G\u00f6ns an. Am Samstag hat er mit seinem Sohn Moritz Vorbereitungen getroffen. Die Vorbereitungen f\u00fcr den Verkauf der B\u00e4ume, der am 7. Dezember, am 14. Dezember und vom 16. bis 21. Dezember jeweils von 10 bis 16 Uhr stattfindet, laufen weiter. Wie in den Vorjahren werden auch in diesem Jahr an den Verkaufstagen wieder Schmalzbrot, hei\u00dfer Apfelwein und andere Leckereien f\u00fcr die Kunden bereitstehen. Und selbstverst\u00e4ndlich hat auch F\u00f6rster Lutz Herbel traditionell, bereits vorab, einen Baum ausgesucht und reserviert, den er der Kita Sonnenschein Pohl-G\u00f6ns schenken wird. Wie Dieter R\u00f6hrig der BZ gegen\u00fcber mitteilte, wird von der Hauptstra\u00dfe Kirch-G\u00f6ns aus an den Verkaufstagen der Weg zur Weihnachtsbaumplantage, auf der haupts\u00e4chlich Nordmanntannen und Blaufichten angebaut werden, ausgeschildert sein. \u201eUnd wer es nicht erwarten kann, der kann nat\u00fcrlich auch schon einen Baum vorbestellen, so der G\u00e4rtnermeister, einfach unter der 06441-2001466 oder 0176-51255533 anrufen\u201c, sagt er.<\/p>\n\n\n\n<p>Quelle und Bild: Butzbacher Zeitung vom 25. November 2024<\/p>\n\n\n\n<figure class=\"wp-block-image size-full\"><img loading=\"lazy\" decoding=\"async\" width=\"591\" height=\"333\" src=\"http:\/\/875jahrekirchgoens.de\/wp-content\/uploads\/2024\/12\/WeihBaum.png\" alt=\"\" class=\"wp-image-15827\" srcset=\"http:\/\/875jahrekirchgoens.de\/wp-content\/uploads\/2024\/12\/WeihBaum.png 591w, http:\/\/875jahrekirchgoens.de\/wp-content\/uploads\/2024\/12\/WeihBaum-300x169.png 300w\" sizes=\"auto, (max-width: 591px) 100vw, 591px\" \/><figcaption class=\"wp-element-caption\">Dieter R\u00f6hrig (r.) und sein Sohn Moritz, der bei der Vorbereitung des gut 2000 Quadratmeter gro\u00dfen Gel\u00e4ndes f\u00fcr den Weihnachtsbaumverkauf hilft, zeigen den Baum, den F\u00f6rster Herbel f\u00fcr den Kindergarten Sonnenschein ausgesucht hat.<\/figcaption><\/figure>\n","protected":false},"excerpt":{"rendered":"<p>G\u00e4rtnermeister Dieter R\u00f6hrig bietet ab 7. Dezember in Kirch-G\u00f6ns wieder Tannen an Seit vielen Jahren bietet G\u00e4rtnermeister Dieter R\u00f6hrig eine gro\u00dfe Auswahl an Weihnachtsb\u00e4umen, in verschiedenen Gr\u00f6\u00dfen aus eigenem Anbau auf seinem gut 20 Ar gro\u00dfen Gel\u00e4nde, hinter der Pfeifergasse in Kirch-G\u00f6ns an. Am Samstag hat er mit seinem Sohn Moritz Vorbereitungen getroffen. Die Vorbereitungen &#8230; <a title=\"Weihnachtsbaum f\u00fcr Kita Sonnenschein\" class=\"read-more\" href=\"http:\/\/875jahrekirchgoens.de\/?p=15826\" aria-label=\"Mehr Informationen \u00fcber Weihnachtsbaum f\u00fcr Kita Sonnenschein\">Weiterlesen<\/a><\/p>\n","protected":false},"author":1,"featured_media":0,"comment_status":"closed","ping_status":"open","sticky":false,"template":"","format":"standard","meta":{"footnotes":""},"categories":[1],"tags":[],"class_list":["post-15826","post","type-post","status-publish","format-standard","hentry","category-infos"],"_links":{"self":[{"href":"http:\/\/875jahrekirchgoens.de\/index.php?rest_route=\/wp\/v2\/posts\/15826","targetHints":{"allow":["GET"]}}],"collection":[{"href":"http:\/\/875jahrekirchgoens.de\/index.php?rest_route=\/wp\/v2\/posts"}],"about":[{"href":"http:\/\/875jahrekirchgoens.de\/index.php?rest_route=\/wp\/v2\/types\/post"}],"author":[{"embeddable":true,"href":"http:\/\/875jahrekirchgoens.de\/index.php?rest_route=\/wp\/v2\/users\/1"}],"replies":[{"embeddable":true,"href":"http:\/\/875jahrekirchgoens.de\/index.php?rest_route=%2Fwp%2Fv2%2Fcomments&post=15826"}],"version-history":[{"count":1,"href":"http:\/\/875jahrekirchgoens.de\/index.php?rest_route=\/wp\/v2\/posts\/15826\/revisions"}],"predecessor-version":[{"id":15828,"href":"http:\/\/875jahrekirchgoens.de\/index.php?rest_route=\/wp\/v2\/posts\/15826\/revisions\/15828"}],"wp:attachment":[{"href":"http:\/\/875jahrekirchgoens.de\/index.php?rest_route=%2Fwp%2Fv2%2Fmedia&parent=15826"}],"wp:term":[{"taxonomy":"category","embeddable":true,"href":"http:\/\/875jahrekirchgoens.de\/index.php?rest_route=%2Fwp%2Fv2%2Fcategories&post=15826"},{"taxonomy":"post_tag","embeddable":true,"href":"http:\/\/875jahrekirchgoens.de\/index.php?rest_route=%2Fwp%2Fv2%2Ftags&post=15826"}],"curies":[{"name":"wp","href":"https:\/\/api.w.org\/{rel}","templated":true}]}}