{"id":15829,"date":"2024-11-30T16:20:57","date_gmt":"2024-11-30T16:20:57","guid":{"rendered":"http:\/\/875jahrekirchgoens.de\/?p=15829"},"modified":"2024-12-17T16:22:11","modified_gmt":"2024-12-17T16:22:11","slug":"baum-ist-da","status":"publish","type":"post","link":"http:\/\/875jahrekirchgoens.de\/?p=15829","title":{"rendered":"Baum ist da"},"content":{"rendered":"\n<p>P\u00fcnktlich zum ersten Advent hat das Organisationsteam des Kirch-G\u00f6nser Weihnachtsmarktes den Weihnachtsbau am Backhaus aufgestellt, beleuchtet und geschm\u00fcckt. Der Markt findet am dritten Advent, Sonntag, 15. Dezember, von 12 Uhr an im Dorfmittelpunkt statt. Alle Beteiligten w\u00fcnschen eine sch\u00f6ne Vorweihnachtszeit, Gesundheit und ein frohes Fest.<\/p>\n\n\n\n<p>Quelle und Bild: Butzbacher Zeitung vom 30. November 2024<\/p>\n\n\n\n<figure class=\"wp-block-image size-full\"><img loading=\"lazy\" decoding=\"async\" width=\"375\" height=\"466\" src=\"http:\/\/875jahrekirchgoens.de\/wp-content\/uploads\/2024\/12\/aum-Backhaus.png\" alt=\"\" class=\"wp-image-15830\" srcset=\"http:\/\/875jahrekirchgoens.de\/wp-content\/uploads\/2024\/12\/aum-Backhaus.png 375w, http:\/\/875jahrekirchgoens.de\/wp-content\/uploads\/2024\/12\/aum-Backhaus-241x300.png 241w\" sizes=\"auto, (max-width: 375px) 100vw, 375px\" \/><\/figure>\n","protected":false},"excerpt":{"rendered":"<p>P\u00fcnktlich zum ersten Advent hat das Organisationsteam des Kirch-G\u00f6nser Weihnachtsmarktes den Weihnachtsbau am Backhaus aufgestellt, beleuchtet und geschm\u00fcckt. Der Markt findet am dritten Advent, Sonntag, 15. Dezember, von 12 Uhr an im Dorfmittelpunkt statt. Alle Beteiligten w\u00fcnschen eine sch\u00f6ne Vorweihnachtszeit, Gesundheit und ein frohes Fest. Quelle und Bild: Butzbacher Zeitung vom 30. November 2024<\/p>\n","protected":false},"author":1,"featured_media":0,"comment_status":"closed","ping_status":"open","sticky":false,"template":"","format":"standard","meta":{"footnotes":""},"categories":[1],"tags":[],"class_list":["post-15829","post","type-post","status-publish","format-standard","hentry","category-infos"],"_links":{"self":[{"href":"http:\/\/875jahrekirchgoens.de\/index.php?rest_route=\/wp\/v2\/posts\/15829","targetHints":{"allow":["GET"]}}],"collection":[{"href":"http:\/\/875jahrekirchgoens.de\/index.php?rest_route=\/wp\/v2\/posts"}],"about":[{"href":"http:\/\/875jahrekirchgoens.de\/index.php?rest_route=\/wp\/v2\/types\/post"}],"author":[{"embeddable":true,"href":"http:\/\/875jahrekirchgoens.de\/index.php?rest_route=\/wp\/v2\/users\/1"}],"replies":[{"embeddable":true,"href":"http:\/\/875jahrekirchgoens.de\/index.php?rest_route=%2Fwp%2Fv2%2Fcomments&post=15829"}],"version-history":[{"count":1,"href":"http:\/\/875jahrekirchgoens.de\/index.php?rest_route=\/wp\/v2\/posts\/15829\/revisions"}],"predecessor-version":[{"id":15831,"href":"http:\/\/875jahrekirchgoens.de\/index.php?rest_route=\/wp\/v2\/posts\/15829\/revisions\/15831"}],"wp:attachment":[{"href":"http:\/\/875jahrekirchgoens.de\/index.php?rest_route=%2Fwp%2Fv2%2Fmedia&parent=15829"}],"wp:term":[{"taxonomy":"category","embeddable":true,"href":"http:\/\/875jahrekirchgoens.de\/index.php?rest_route=%2Fwp%2Fv2%2Fcategories&post=15829"},{"taxonomy":"post_tag","embeddable":true,"href":"http:\/\/875jahrekirchgoens.de\/index.php?rest_route=%2Fwp%2Fv2%2Ftags&post=15829"}],"curies":[{"name":"wp","href":"https:\/\/api.w.org\/{rel}","templated":true}]}}