{"id":15832,"date":"2024-12-04T19:28:16","date_gmt":"2024-12-04T19:28:16","guid":{"rendered":"http:\/\/875jahrekirchgoens.de\/?p=15832"},"modified":"2024-12-17T19:29:11","modified_gmt":"2024-12-17T19:29:11","slug":"nachmittag-fuer-senioren","status":"publish","type":"post","link":"http:\/\/875jahrekirchgoens.de\/?p=15832","title":{"rendered":"Nachmittag f\u00fcr Senioren"},"content":{"rendered":"\n<p>Die Ortsbeir\u00e4te von Kirch- und Pohl-G\u00f6ns laden zum traditionellen Seniorennachmittag ein. Der gemeinsame Mittagstisch von Kirch- und Pohl-G\u00f6ns ist ein super Beispiel daf\u00fcr, wie beide D\u00f6rfer n\u00e4her zusammenwachsen. Wir wollen dies ebenfalls mit dem Seniorennachmittag fortf\u00fchren, so der Ortsvorsteher Stefan Euler. Eingeladen sind die Senioren beider Stadtteile am zweiten Advent, Sonntag, 8. Dezember, ab 13.30 Uhr im B\u00fcrgertreff Pohl-G\u00f6ns. Wir haben ein vielf\u00e4ltiges Programm mit Gruppen aus beiden D\u00f6rfern, und freuen uns auf viele G\u00e4ste, so Klaus Christ, Ortsvorsteher von Pohl-G\u00f6ns.<\/p>\n\n\n\n<p>Quelle: Butzbacher Zeitung vom 4. Dezember 2024<\/p>\n","protected":false},"excerpt":{"rendered":"<p>Die Ortsbeir\u00e4te von Kirch- und Pohl-G\u00f6ns laden zum traditionellen Seniorennachmittag ein. Der gemeinsame Mittagstisch von Kirch- und Pohl-G\u00f6ns ist ein super Beispiel daf\u00fcr, wie beide D\u00f6rfer n\u00e4her zusammenwachsen. Wir wollen dies ebenfalls mit dem Seniorennachmittag fortf\u00fchren, so der Ortsvorsteher Stefan Euler. Eingeladen sind die Senioren beider Stadtteile am zweiten Advent, Sonntag, 8. Dezember, ab 13.30 &#8230; <a title=\"Nachmittag f\u00fcr Senioren\" class=\"read-more\" href=\"http:\/\/875jahrekirchgoens.de\/?p=15832\" aria-label=\"Mehr Informationen \u00fcber Nachmittag f\u00fcr Senioren\">Weiterlesen<\/a><\/p>\n","protected":false},"author":1,"featured_media":0,"comment_status":"closed","ping_status":"open","sticky":false,"template":"","format":"standard","meta":{"footnotes":""},"categories":[1],"tags":[],"class_list":["post-15832","post","type-post","status-publish","format-standard","hentry","category-infos"],"_links":{"self":[{"href":"http:\/\/875jahrekirchgoens.de\/index.php?rest_route=\/wp\/v2\/posts\/15832","targetHints":{"allow":["GET"]}}],"collection":[{"href":"http:\/\/875jahrekirchgoens.de\/index.php?rest_route=\/wp\/v2\/posts"}],"about":[{"href":"http:\/\/875jahrekirchgoens.de\/index.php?rest_route=\/wp\/v2\/types\/post"}],"author":[{"embeddable":true,"href":"http:\/\/875jahrekirchgoens.de\/index.php?rest_route=\/wp\/v2\/users\/1"}],"replies":[{"embeddable":true,"href":"http:\/\/875jahrekirchgoens.de\/index.php?rest_route=%2Fwp%2Fv2%2Fcomments&post=15832"}],"version-history":[{"count":1,"href":"http:\/\/875jahrekirchgoens.de\/index.php?rest_route=\/wp\/v2\/posts\/15832\/revisions"}],"predecessor-version":[{"id":15833,"href":"http:\/\/875jahrekirchgoens.de\/index.php?rest_route=\/wp\/v2\/posts\/15832\/revisions\/15833"}],"wp:attachment":[{"href":"http:\/\/875jahrekirchgoens.de\/index.php?rest_route=%2Fwp%2Fv2%2Fmedia&parent=15832"}],"wp:term":[{"taxonomy":"category","embeddable":true,"href":"http:\/\/875jahrekirchgoens.de\/index.php?rest_route=%2Fwp%2Fv2%2Fcategories&post=15832"},{"taxonomy":"post_tag","embeddable":true,"href":"http:\/\/875jahrekirchgoens.de\/index.php?rest_route=%2Fwp%2Fv2%2Ftags&post=15832"}],"curies":[{"name":"wp","href":"https:\/\/api.w.org\/{rel}","templated":true}]}}